{"id":187265,"date":"2021-06-08T10:44:37","date_gmt":"2021-06-08T08:44:37","guid":{"rendered":"https:\/\/zjarr.tv\/?p=187265"},"modified":"2021-06-08T10:44:37","modified_gmt":"2021-06-08T08:44:37","slug":"perpjekjet-per-shkarkimin-e-voltana-ademit-nga-kreu-i-shbsh-reagon-ylli-manjani-nuk-eshte-me-ne-doren-e-monisteve-por-te-gjykates-kushtetuese","status":"publish","type":"post","link":"https:\/\/zjarr.tv\/sq\/perpjekjet-per-shkarkimin-e-voltana-ademit-nga-kreu-i-shbsh-reagon-ylli-manjani-nuk-eshte-me-ne-doren-e-monisteve-por-te-gjykates-kushtetuese\/","title":{"rendered":"P\u00ebrpjekjet p\u00ebr shkarkimin e Voltana Ademit nga kreu i SHBSH\/ Reagon Ylli Manjani: Nuk \u00ebsht\u00eb m\u00eb n\u00eb dor\u00ebn e monist\u00ebve, por t\u00eb Gjykat\u00ebs Kushtetuese\u2026"},"content":{"rendered":"<p>Ish-ministri i Drejt\u00ebsis\u00eb Ylli Manjani, ka reaguar n\u00eb lidhje me p\u00ebrpjekjet p\u00ebr t\u00eb ndaluar gjykimet, lidhur me legjitimitetin e Zgjedhjeve t\u00eb vitit 2019.<\/p>\n<p>Me an\u00eb t\u00eb nj\u00eb shkrimi n\u00eb llogarin\u00eb e tij zyrtare t\u00eb Facebook, Manjani ka th\u00ebn\u00eb se p\u00ebrpjekjet e pushtetit p\u00ebr t\u00eb d\u00ebmtuar legjitimitetin e zgjedhjeve t\u00eb 2019, mund t\u00eb rezultojn\u00eb t\u00eb kota. Sipas tij, kjo nuk \u00ebsht\u00eb m\u00eb nj\u00eb \u00e7\u00ebshtje q\u00eb varet nga ata, por nga Gjykata Kushtetuese.<\/p>\n<p>N\u00eb shpjegimin e tij t\u00eb holl\u00ebsish\u00ebm, Manjani ka publikuar edhe nenin, ku ai \u00ebsht\u00eb mb\u00ebshtetur p\u00ebr t\u00eb artikuluar mendimin e tij.<\/p>\n<p><strong>Postimi i Plot\u00eb<\/strong><\/p>\n<p><em>Informacion ligjor:<\/em><br \/>\n<em>P\u00ebrpjekjet e pushtetit p\u00ebr t\u00eb d\u00ebmtuar, mund\u00ebsisht shuar gjykimin kushtetues mbi legjitimitetin e votimeve moniste t\u00eb 2019-\u00ebs, mund t\u00eb rezultojn\u00eb t\u00eb kota.<\/em><br \/>\n<em>Gjykata Kushtetuese mund t\u00eb mos pranoj\u00eb k\u00ebrkes\u00ebn eventuale t\u00eb shoqat\u00ebs s\u00eb bashkive p\u00ebr t\u2019u t\u00ebrhequr nga gjyqi. Neni 31\/b i ligjit \u201cP\u00ebr Organizimin dhe Funksionimin e Gjykat\u00ebs Kushtetuese\u201d, \u00ebsht\u00eb nj\u00eb shtes\u00eb e reform\u00ebs n\u00eb drejt\u00ebsi. Paragrafi 2 i k\u00ebtij neni i jep t\u00eb drejt\u00eb Gjykat\u00ebs q\u00eb t\u00eb mos pranoj\u00eb t\u00ebrheqjen nga \u00e7\u00ebshtja nga k\u00ebrkuesit, kur \u00e7\u00ebshtja \u00ebsht\u00eb me interes publik. Mbajtja e zgjedhjeve nga ku buron ushtrimi i pushtetit, \u00ebsht\u00eb nj\u00eb \u00e7\u00ebshtje me interes t\u00eb lart\u00eb publik. Ndaj p\u00ebrpjekja e monist\u00ebve mund t\u00eb rezultoj\u00eb e kot\u00eb.<\/em><br \/>\n<em>Ata (monist\u00ebt) mund ta v\u00ebshtir\u00ebsojn\u00eb disi gjykimin e \u00e7\u00ebshtjes, n\u00ebse Gjykata nuk arrin t\u00eb d\u00ebgjoj\u00eb prerendimet e aryre q\u00eb hartuan k\u00ebrkes\u00ebn. Por edhe kjo \u00ebsht\u00eb n\u00eb dor\u00ebn e Gjykt\u00ebs, jo t\u00eb monist\u00ebve. K\u00ebshtu q\u00eb monist\u00ebt le ta heqin Voltan\u00ebn sa t\u00eb duan nga shoqata, \u00e7\u00ebshtjen e gjyqit nuk e kan\u00eb m\u00eb ata n\u00eb dor\u00eb, por Gjykata Kushtetuese.<\/em><\/p>\n<p>&nbsp;<\/p>\n","protected":false},"excerpt":{"rendered":"<p>Ish-ministri i Drejt\u00ebsis\u00eb Ylli Manjani, ka reaguar n\u00eb lidhje me p\u00ebrpjekjet p\u00ebr t\u00eb ndaluar gjykimet, lidhur me legjitimitetin e Zgjedhjeve t\u00eb vitit 2019. Me an\u00eb t\u00eb nj\u00eb shkrimi n\u00eb llogarin\u00eb e tij zyrtare t\u00eb Facebook, Manjani ka th\u00ebn\u00eb se p\u00ebrpjekjet e pushtetit p\u00ebr t\u00eb d\u00ebmtuar legjitimitetin e zgjedhjeve t\u00eb 2019, mund t\u00eb rezultojn\u00eb t\u00eb kota. [&hellip;]<\/p>\n","protected":false},"author":2016,"featured_media":187267,"comment_status":"closed","ping_status":"closed","sticky":false,"template":"","format":"standard","meta":{"footnotes":""},"categories":[241],"tags":[3644],"class_list":{"0":"post-187265","1":"post","2":"type-post","3":"status-publish","4":"format-standard","5":"has-post-thumbnail","7":"category-aktualitet","8":"tag-lajme-zjarr-reagon-ylli-manjani-zjarr-tv"},"_links":{"self":[{"href":"https:\/\/zjarr.tv\/sq\/wp-json\/wp\/v2\/posts\/187265","targetHints":{"allow":["GET"]}}],"collection":[{"href":"https:\/\/zjarr.tv\/sq\/wp-json\/wp\/v2\/posts"}],"about":[{"href":"https:\/\/zjarr.tv\/sq\/wp-json\/wp\/v2\/types\/post"}],"author":[{"embeddable":true,"href":"https:\/\/zjarr.tv\/sq\/wp-json\/wp\/v2\/users\/2016"}],"replies":[{"embeddable":true,"href":"https:\/\/zjarr.tv\/sq\/wp-json\/wp\/v2\/comments?post=187265"}],"version-history":[{"count":0,"href":"https:\/\/zjarr.tv\/sq\/wp-json\/wp\/v2\/posts\/187265\/revisions"}],"wp:featuredmedia":[{"embeddable":true,"href":"https:\/\/zjarr.tv\/sq\/wp-json\/wp\/v2\/media\/187267"}],"wp:attachment":[{"href":"https:\/\/zjarr.tv\/sq\/wp-json\/wp\/v2\/media?parent=187265"}],"wp:term":[{"taxonomy":"category","embeddable":true,"href":"https:\/\/zjarr.tv\/sq\/wp-json\/wp\/v2\/categories?post=187265"},{"taxonomy":"post_tag","embeddable":true,"href":"https:\/\/zjarr.tv\/sq\/wp-json\/wp\/v2\/tags?post=187265"}],"curies":[{"name":"wp","href":"https:\/\/api.w.org\/{rel}","templated":true}]}}