{"id":187271,"date":"2021-06-08T11:19:13","date_gmt":"2021-06-08T09:19:13","guid":{"rendered":"https:\/\/zjarr.tv\/?p=187271"},"modified":"2021-06-08T11:19:13","modified_gmt":"2021-06-08T09:19:13","slug":"instat-publikoi-te-dhena-tronditese-per-numrin-e-vdekjeve-ne-shtepi-dhe-spitale-rama-krenar-ben-postimin-shqiperia-dhe-islanda-dy-vendet-me-me-pak-raste-infektimesh","status":"publish","type":"post","link":"https:\/\/zjarr.tv\/sq\/instat-publikoi-te-dhena-tronditese-per-numrin-e-vdekjeve-ne-shtepi-dhe-spitale-rama-krenar-ben-postimin-shqiperia-dhe-islanda-dy-vendet-me-me-pak-raste-infektimesh\/","title":{"rendered":"INSTAT publikoi t\u00eb dh\u00ebna trondit\u00ebse p\u00ebr numrin e vdekjeve n\u00eb sht\u00ebpi dhe spitale, Rama krenar b\u00ebn postimin: Shqip\u00ebria dhe Islanda, dy vendet me m\u00eb pak raste infektimesh\u2026"},"content":{"rendered":"<p>Kryeministri Edi Rama, me an\u00eb t\u00eb nj\u00eb postimi n\u00eb rrjetin e tij social Facebook, publikoi foto q\u00eb tregojn\u00eb matjet globale t\u00eb rasteve t\u00eb koronavirusit, ku ilustrohen statistikat e Shqip\u00ebris\u00eb, krahasuar me disa shtete t\u00eb tjera.<\/p>\n<p>Kryeministri shprehet i lumtur dhe krenar q\u00eb vendi yn\u00eb, renditet me nj\u00eb bilanc t\u00eb till\u00eb ku Shqip\u00ebria dhe Islanda, jan\u00eb vendet m\u00eb me pak raste infektimesh n\u00eb kontinent.<\/p>\n<p>Nd\u00ebrkoh\u00eb n\u00eb kund\u00ebrshti me arritjet dhe pretendimet e Ram\u00ebs,\u00a0INSTAT\u00a0ka publikuar nj\u00eb raport ku thuhet se pjesa m\u00eb e madhe e fataliteteve t\u00eb pandemis\u00eb, kan\u00eb ndodhur n\u00eb sht\u00ebpi, pasi shum\u00eb persona vendos\u00ebn t\u00eb trajtohen n\u00eb sht\u00ebpi, p\u00ebr shkak t\u00eb mbingarkes\u00ebs n\u00eb spitale, por kjo m\u00ebnyr\u00eb ka rezultuar dramatike p\u00ebr ta.<\/p>\n<p>T\u00eb dh\u00ebnat mbi vdekjet shtes\u00eb n\u00eb spitale tregojn\u00eb se; ato ishin m\u00eb t\u00eb larta se raportimet zyrtare. Nga marsi deri n\u00eb fund t\u00eb Dhjetorit t\u00eb vitit 2020, nga t\u00eb dh\u00ebnat zyrtare u raportuan 1,181 vdekje, por gjat\u00eb k\u00ebsaj periudhe vdekjet shtese n\u00eb spitale, ishin i 2,083 ose 76 p\u00ebr qind m\u00eb t\u00eb larta se vdekjet zyrtare t\u00eb raportuara nga Covid-19. Zyrtarisht, Ministria e Sh\u00ebndet\u00ebsis\u00eb deklaroi n\u00eb vitin 2020 rreth 1,180 humbje jete nga Covid-19, duke shpjeguar m\u00eb pak se nj\u00eb t\u00eb tret\u00ebn e shtes\u00ebs s\u00eb vdekjeve n\u00eb 2020-n, n\u00eb raport me mesataren e 2016-2019.<\/p>\n<p><strong><em>Mbishkrimi n\u00eb postimin e Ram\u00ebs:<\/em><\/strong><\/p>\n<p><em>\u201cN\u00eb matjen globale t\u00eb dy jav\u00ebve t\u00eb fundit p\u00ebr uljen e rasteve t\u00eb infektimeve, Shqip\u00ebria dhe Islanda, figurojn\u00eb si dy vendet me m\u00eb pak raste infektimesh n\u00eb kontinentin tone\u201d.<\/em><\/p>\n<p>&nbsp;<\/p>\n","protected":false},"excerpt":{"rendered":"<p>Kryeministri Edi Rama, me an\u00eb t\u00eb nj\u00eb postimi n\u00eb rrjetin e tij social Facebook, publikoi foto q\u00eb tregojn\u00eb matjet globale t\u00eb rasteve t\u00eb koronavirusit, ku ilustrohen statistikat e Shqip\u00ebris\u00eb, krahasuar me disa shtete t\u00eb tjera. Kryeministri shprehet i lumtur dhe krenar q\u00eb vendi yn\u00eb, renditet me nj\u00eb bilanc t\u00eb till\u00eb ku Shqip\u00ebria dhe Islanda, jan\u00eb [&hellip;]<\/p>\n","protected":false},"author":2016,"featured_media":187273,"comment_status":"closed","ping_status":"closed","sticky":false,"template":"","format":"standard","meta":{"footnotes":""},"categories":[241],"tags":[3646],"class_list":{"0":"post-187271","1":"post","2":"type-post","3":"status-publish","4":"format-standard","5":"has-post-thumbnail","7":"category-aktualitet","8":"tag-lajme-zjarr-rama-krenar-ben-postimin-zjarr-tv"},"_links":{"self":[{"href":"https:\/\/zjarr.tv\/sq\/wp-json\/wp\/v2\/posts\/187271","targetHints":{"allow":["GET"]}}],"collection":[{"href":"https:\/\/zjarr.tv\/sq\/wp-json\/wp\/v2\/posts"}],"about":[{"href":"https:\/\/zjarr.tv\/sq\/wp-json\/wp\/v2\/types\/post"}],"author":[{"embeddable":true,"href":"https:\/\/zjarr.tv\/sq\/wp-json\/wp\/v2\/users\/2016"}],"replies":[{"embeddable":true,"href":"https:\/\/zjarr.tv\/sq\/wp-json\/wp\/v2\/comments?post=187271"}],"version-history":[{"count":0,"href":"https:\/\/zjarr.tv\/sq\/wp-json\/wp\/v2\/posts\/187271\/revisions"}],"wp:featuredmedia":[{"embeddable":true,"href":"https:\/\/zjarr.tv\/sq\/wp-json\/wp\/v2\/media\/187273"}],"wp:attachment":[{"href":"https:\/\/zjarr.tv\/sq\/wp-json\/wp\/v2\/media?parent=187271"}],"wp:term":[{"taxonomy":"category","embeddable":true,"href":"https:\/\/zjarr.tv\/sq\/wp-json\/wp\/v2\/categories?post=187271"},{"taxonomy":"post_tag","embeddable":true,"href":"https:\/\/zjarr.tv\/sq\/wp-json\/wp\/v2\/tags?post=187271"}],"curies":[{"name":"wp","href":"https:\/\/api.w.org\/{rel}","templated":true}]}}