{"id":187284,"date":"2021-06-08T12:29:58","date_gmt":"2021-06-08T10:29:58","guid":{"rendered":"https:\/\/zjarr.tv\/?p=187284"},"modified":"2021-06-08T12:29:58","modified_gmt":"2021-06-08T10:29:58","slug":"elisa-spiropali-jep-opsionin-per-presidentin-e-ri-mund-te-jete-edhe-nga-radhet-e","status":"publish","type":"post","link":"https:\/\/zjarr.tv\/sq\/elisa-spiropali-jep-opsionin-per-presidentin-e-ri-mund-te-jete-edhe-nga-radhet-e\/","title":{"rendered":"Elisa Spiropali jep opsionin p\u00ebr Presidentin e ri: Mund t\u00eb jet\u00eb edhe nga radh\u00ebt e\u2026"},"content":{"rendered":"<p>Ministrja e Shtetit p\u00ebr Marr\u00ebdh\u00ebniet me Parlamentin, Elisa Spiropali, deklaroi se mazhoranca do t\u00eb bashk\u00ebpunoj\u00eb me opozit\u00ebn, p\u00ebr t\u00eb zgjedhur Presidentin e ri.<\/p>\n<p>N\u00eb intervist\u00ebn p\u00ebr \u201cQuo Vadis\u201d, Ministrja u shpreh se akoma nuk ka asnj\u00eb em\u00ebr konkret q\u00eb mund t\u2019i z\u00ebr\u00eb vendin Ilir Met\u00ebs. Gjithashtu, ajo shtoi se nuk ka asnj\u00eb kufizim q\u00eb t\u00eb jet\u00eb nj\u00eb figur\u00eb nga radh\u00ebt e opozit\u00ebs.<\/p>\n<p><em>\u201cNuk \u00ebsht\u00eb nj\u00eb mund\u00ebsi p\u00ebr t\u00eb b\u00ebr\u00eb pazar politik, por hapet nj\u00eb diskutim p\u00ebr zgjedhjen e Presidentit t\u00eb ri. Duam t\u00eb krijohet nj\u00eb hap\u00ebsir\u00eb ku mund t\u00eb diskutohet edhe me opozit\u00ebn, p\u00ebr nj\u00eb proces normal t\u00eb nj\u00eb Presidenti konsensual. Nuk kemi asnj\u00eb kufizim n\u00eb k\u00ebt\u00eb diskutim dhe pranojm\u00eb \u00e7do debat, \u00e7do propozim. Nuk qarkullon asnj\u00eb em\u00ebr sepse \u00ebsht\u00eb ende shum\u00eb her\u00ebt\u201d<\/em>, ka th\u00ebn\u00eb Spiropali.<\/p>\n<p>Gjat\u00eb dit\u00ebs s\u00eb nes\u00ebrme n\u00eb Kuvend, do t\u00eb zhvillohet seanca p\u00ebr shkarkimin e Presidentit Meta, nd\u00ebrkoh\u00eb q\u00eb edhe pse mazhoranca mund t\u2019i ket\u00eb votat p\u00ebr nd\u00ebrmarrjen e aktit, \u00e7\u00ebshtja do t\u00eb jet\u00eb me shum\u00eb gjasa objekt i shqyrtimit n\u00eb Gjykat\u00ebn Kushtetuese.<\/p>\n<p>&nbsp;<\/p>\n<p>&nbsp;<\/p>\n<p>&nbsp;<\/p>\n<p>&nbsp;<\/p>\n","protected":false},"excerpt":{"rendered":"<p>Ministrja e Shtetit p\u00ebr Marr\u00ebdh\u00ebniet me Parlamentin, Elisa Spiropali, deklaroi se mazhoranca do t\u00eb bashk\u00ebpunoj\u00eb me opozit\u00ebn, p\u00ebr t\u00eb zgjedhur Presidentin e ri. N\u00eb intervist\u00ebn p\u00ebr \u201cQuo Vadis\u201d, Ministrja u shpreh se akoma nuk ka asnj\u00eb em\u00ebr konkret q\u00eb mund t\u2019i z\u00ebr\u00eb vendin Ilir Met\u00ebs. Gjithashtu, ajo shtoi se nuk ka asnj\u00eb kufizim q\u00eb t\u00eb [&hellip;]<\/p>\n","protected":false},"author":2016,"featured_media":187286,"comment_status":"closed","ping_status":"closed","sticky":false,"template":"","format":"standard","meta":{"footnotes":""},"categories":[241],"tags":[3649],"class_list":{"0":"post-187284","1":"post","2":"type-post","3":"status-publish","4":"format-standard","5":"has-post-thumbnail","7":"category-aktualitet","8":"tag-lajme-zjarr-spiropali-jep-opsionin-per-presidentin-e-ri-zjarr-tv"},"_links":{"self":[{"href":"https:\/\/zjarr.tv\/sq\/wp-json\/wp\/v2\/posts\/187284","targetHints":{"allow":["GET"]}}],"collection":[{"href":"https:\/\/zjarr.tv\/sq\/wp-json\/wp\/v2\/posts"}],"about":[{"href":"https:\/\/zjarr.tv\/sq\/wp-json\/wp\/v2\/types\/post"}],"author":[{"embeddable":true,"href":"https:\/\/zjarr.tv\/sq\/wp-json\/wp\/v2\/users\/2016"}],"replies":[{"embeddable":true,"href":"https:\/\/zjarr.tv\/sq\/wp-json\/wp\/v2\/comments?post=187284"}],"version-history":[{"count":0,"href":"https:\/\/zjarr.tv\/sq\/wp-json\/wp\/v2\/posts\/187284\/revisions"}],"wp:featuredmedia":[{"embeddable":true,"href":"https:\/\/zjarr.tv\/sq\/wp-json\/wp\/v2\/media\/187286"}],"wp:attachment":[{"href":"https:\/\/zjarr.tv\/sq\/wp-json\/wp\/v2\/media?parent=187284"}],"wp:term":[{"taxonomy":"category","embeddable":true,"href":"https:\/\/zjarr.tv\/sq\/wp-json\/wp\/v2\/categories?post=187284"},{"taxonomy":"post_tag","embeddable":true,"href":"https:\/\/zjarr.tv\/sq\/wp-json\/wp\/v2\/tags?post=187284"}],"curies":[{"name":"wp","href":"https:\/\/api.w.org\/{rel}","templated":true}]}}