{"id":187289,"date":"2021-06-08T12:54:17","date_gmt":"2021-06-08T10:54:17","guid":{"rendered":"https:\/\/zjarr.tv\/?p=187289"},"modified":"2021-06-08T12:54:17","modified_gmt":"2021-06-08T10:54:17","slug":"spartak-braho-flet-per-shkarkimin-e-presidentit-do-ti-kerkoj-falje-metes-ne-rast-se","status":"publish","type":"post","link":"https:\/\/zjarr.tv\/sq\/spartak-braho-flet-per-shkarkimin-e-presidentit-do-ti-kerkoj-falje-metes-ne-rast-se\/","title":{"rendered":"Spartak Braho flet p\u00ebr shkarkimin e Presidentit: Do ti k\u00ebrkoj falje Met\u00ebs n\u00eb rast se\u2026"},"content":{"rendered":"<p>Spartak Braho, i cili \u00ebsht\u00eb nj\u00eb prej deputet\u00ebve m\u00eb euforik\u00eb p\u00ebr shkarkimin e Presidentit, ka deklaruar mbr\u00ebm\u00eb se se n\u00ebse Gjykata Kushtetuese, nuk do ta shkarkoj\u00eb Ilir Met\u00ebn nga detyra e Presidentit t\u00eb Republik\u00ebs, do t\u2019i k\u00ebrkoj\u00eb falje atij.<\/p>\n<p>I ftuar n\u00eb emisionin \u201cDekalog\u201d, deputeti i PS dhe an\u00ebtari i Komsionit t\u00eb Posa\u00e7\u00ebm Hetimor p\u00ebr Presidentin, tregoi bindje se Meta do largohet nga Presidenca. I pyetur n\u00ebse Gjykata Kushtetuese nuk do ta shkarkonte Met\u00ebn, Braho tha:<\/p>\n<p><em>\u201cUn\u00eb do t\u2019i k\u00ebrkoj falje publike Ilir Met\u00ebs n\u00ebse Gjykaka Kushtetuese nuk do ta shkarkoj\u00eb, pra do jet\u00eb kund\u00ebr vendimin t\u00eb parlamentit\u201d.<\/em><\/p>\n<p>Nes\u00ebr m\u00eb 9 Qershor, pritet q\u00eb Parlamenti t\u00eb votoj\u00eb p\u00ebr shkarkimin e Ilir Met\u00ebs nga detyra e Presidentit t\u00eb Republik\u00ebs.<\/p>\n<p>M\u00eb par\u00eb ishte nj\u00eb Komison i Posa\u00e7\u00ebm q\u00eb hetoi shkeljet q\u00eb sipas an\u00ebtar\u00ebve t\u00eb tij ishin t\u00eb shumta ndaj kushtetut\u00ebs. Ilir Meta, \u00ebsht\u00eb i pari President mes 10 q\u00eb ka n\u00eb historin\u00eb e Shtetit shqiptar, q\u00eb nd\u00ebrmerret nism\u00eb nga Parlamenti p\u00ebr shkarkimin e tij gjat\u00eb ushtrimit t\u00eb detyr\u00ebs.<\/p>\n<p>&nbsp;<\/p>\n","protected":false},"excerpt":{"rendered":"<p>Spartak Braho, i cili \u00ebsht\u00eb nj\u00eb prej deputet\u00ebve m\u00eb euforik\u00eb p\u00ebr shkarkimin e Presidentit, ka deklaruar mbr\u00ebm\u00eb se se n\u00ebse Gjykata Kushtetuese, nuk do ta shkarkoj\u00eb Ilir Met\u00ebn nga detyra e Presidentit t\u00eb Republik\u00ebs, do t\u2019i k\u00ebrkoj\u00eb falje atij. I ftuar n\u00eb emisionin \u201cDekalog\u201d, deputeti i PS dhe an\u00ebtari i Komsionit t\u00eb Posa\u00e7\u00ebm Hetimor p\u00ebr [&hellip;]<\/p>\n","protected":false},"author":2016,"featured_media":187291,"comment_status":"closed","ping_status":"closed","sticky":false,"template":"","format":"standard","meta":{"footnotes":""},"categories":[241,1454],"tags":[3650],"class_list":{"0":"post-187289","1":"post","2":"type-post","3":"status-publish","4":"format-standard","5":"has-post-thumbnail","7":"category-aktualitet","8":"category-politike","9":"tag-lajme-zjarr-braho-flet-per-shkarkimin-e-presidentit-zjarr-tv"},"_links":{"self":[{"href":"https:\/\/zjarr.tv\/sq\/wp-json\/wp\/v2\/posts\/187289","targetHints":{"allow":["GET"]}}],"collection":[{"href":"https:\/\/zjarr.tv\/sq\/wp-json\/wp\/v2\/posts"}],"about":[{"href":"https:\/\/zjarr.tv\/sq\/wp-json\/wp\/v2\/types\/post"}],"author":[{"embeddable":true,"href":"https:\/\/zjarr.tv\/sq\/wp-json\/wp\/v2\/users\/2016"}],"replies":[{"embeddable":true,"href":"https:\/\/zjarr.tv\/sq\/wp-json\/wp\/v2\/comments?post=187289"}],"version-history":[{"count":0,"href":"https:\/\/zjarr.tv\/sq\/wp-json\/wp\/v2\/posts\/187289\/revisions"}],"wp:featuredmedia":[{"embeddable":true,"href":"https:\/\/zjarr.tv\/sq\/wp-json\/wp\/v2\/media\/187291"}],"wp:attachment":[{"href":"https:\/\/zjarr.tv\/sq\/wp-json\/wp\/v2\/media?parent=187289"}],"wp:term":[{"taxonomy":"category","embeddable":true,"href":"https:\/\/zjarr.tv\/sq\/wp-json\/wp\/v2\/categories?post=187289"},{"taxonomy":"post_tag","embeddable":true,"href":"https:\/\/zjarr.tv\/sq\/wp-json\/wp\/v2\/tags?post=187289"}],"curies":[{"name":"wp","href":"https:\/\/api.w.org\/{rel}","templated":true}]}}