{"id":187292,"date":"2021-06-08T13:00:11","date_gmt":"2021-06-08T11:00:11","guid":{"rendered":"https:\/\/zjarr.tv\/?p=187292"},"modified":"2021-06-08T13:00:11","modified_gmt":"2021-06-08T11:00:11","slug":"vendimi-per-te-lene-jashte-kuvendit-gazetaret-meta-e-papranusheme-i-bej-thirrje-regjimit-te-ngjashem-me-lukashenkon-te","status":"publish","type":"post","link":"https:\/\/zjarr.tv\/sq\/vendimi-per-te-lene-jashte-kuvendit-gazetaret-meta-e-papranusheme-i-bej-thirrje-regjimit-te-ngjashem-me-lukashenkon-te\/","title":{"rendered":"Vendimi p\u00ebr t\u00eb l\u00ebn\u00eb jasht\u00eb Kuvendit gazetar\u00ebt, Meta: E papranusheme, i b\u00ebj thirrje regjimit t\u00eb ngjash\u00ebm me Lukashenkon t\u00eb\u2026"},"content":{"rendered":"<p>Kuvendi ka vendosur q\u00eb gazetar\u00ebt t\u00eb mos\u00a0 hyjn\u00eb m\u00eb n\u00eb aktivitetet parlamentare duke filluar q\u00eb nga muaji shtator, n\u00eb lidhje me k\u00ebt\u00eb lajm ka reaguar Presidenti Ilir Meta.<\/p>\n<p>Meta me an\u00eb t\u00eb nj\u00eb postimi n\u00eb rrjetet sociale shkruan se ky vendim \u00ebsht\u00eb i papranuesh\u00ebm dhe antidemokratik.<\/p>\n<p>Nd\u00ebr t\u00eb tjera kreu i shtetit shkruan: \u201ci b\u00ebj thirrje Kuvendit monist dhe mazhoranc\u00ebs t\u00eb t\u00ebrhiqet menj\u00ebher\u00eb nga k\u00ebto praktika t\u00eb ngjashme me regjimin e Lukashenkos, q\u00eb po d\u00ebmtojn\u00eb seriozisht integrimin europian t\u00eb vendit\u201d.<\/p>\n<p>\u201c<em>I d\u00ebnuesh\u00ebm, i papranuesh\u00ebm dhe antidemokratik, vendimi i Kuvendit nj\u00ebpartiak p\u00ebr ndalimin e raportimit t\u00eb pavarur t\u00eb gazetar\u00ebve dhe z\u00ebvend\u00ebsimin me transmetime zyrtare t\u00eb kontrolluara.<\/em><\/p>\n<p><em>Ky akt, q\u00eb vjen n\u00eb t\u00eb nj\u00ebjt\u00ebn koh\u00eb me nxitimin e mazhoranc\u00ebs p\u00ebr uzurpimin n\u00eb m\u00ebnyr\u00eb t\u00eb nj\u00ebanshme dhe vendosjen n\u00ebn kontroll t\u00eb plot\u00eb t\u00eb Autoritetit t\u00eb Mediave Audioviziv, kufizon lirin\u00eb dhe pavar\u00ebsin\u00eb e medias, instalon nj\u00eb regjim censure, shkel t\u00eb drejtat e njeriut dhe d\u00ebshmon s\u00ebrish armiq\u00ebsin\u00eb e k\u00ebtij Kuvendi monist me lirin\u00eb e medias dhe demokracin\u00eb n\u00eb Shqip\u00ebri.<\/em><\/p>\n<p><em>\u00cbsht\u00eb pik\u00ebrisht Kuvendi aktual, q\u00eb n\u00eb historin\u00eb e parlamentarizmit pluralist ka marr\u00eb vendimet m\u00eb skandaloze p\u00ebr shtypjen e fjal\u00ebs s\u00eb lir\u00eb, p\u00ebrfshi miratimin dhe most\u00ebrheqjen prej gati nj\u00eb viti t\u00eb paket\u00ebs antikushtetuese \u201cAntishpifje\u201d, n\u00eb refuzim t\u00eb hapur t\u00eb rekomandimeve t\u00eb Komisionit t\u00eb Venecias.<\/em><\/p>\n<p><em>Duke mb\u00ebshtetur shqet\u00ebsimin e drejt\u00eb t\u00eb komunitetit t\u00eb gazetar\u00ebve t\u00eb pavarur shqiptar\u00eb dhe t\u00eb koleg\u00ebve t\u00eb tyre t\u00eb huaj, mbi regresin e Shqip\u00ebris\u00eb n\u00eb raport me lirin\u00eb e medias, i b\u00ebj thirrje Kuvendit monist dhe mazhoranc\u00ebs t\u00eb t\u00ebrhiqet menj\u00ebher\u00eb nga k\u00ebto praktika t\u00eb ngjashme me regjimin e Lukashenkos, q\u00eb po d\u00ebmtojn\u00eb seriozisht integrimin europian t\u00eb vendit,<\/em>\u201d shkruan Meta n\u00eb postimin e tij.<\/p>\n<p>&nbsp;<\/p>\n","protected":false},"excerpt":{"rendered":"<p>Kuvendi ka vendosur q\u00eb gazetar\u00ebt t\u00eb mos\u00a0 hyjn\u00eb m\u00eb n\u00eb aktivitetet parlamentare duke filluar q\u00eb nga muaji shtator, n\u00eb lidhje me k\u00ebt\u00eb lajm ka reaguar Presidenti Ilir Meta. Meta me an\u00eb t\u00eb nj\u00eb postimi n\u00eb rrjetet sociale shkruan se ky vendim \u00ebsht\u00eb i papranuesh\u00ebm dhe antidemokratik. Nd\u00ebr t\u00eb tjera kreu i shtetit shkruan: \u201ci b\u00ebj [&hellip;]<\/p>\n","protected":false},"author":2030,"featured_media":96498,"comment_status":"closed","ping_status":"closed","sticky":false,"template":"","format":"standard","meta":{"footnotes":""},"categories":[241,1454],"tags":[],"class_list":{"0":"post-187292","1":"post","2":"type-post","3":"status-publish","4":"format-standard","5":"has-post-thumbnail","7":"category-aktualitet","8":"category-politike"},"_links":{"self":[{"href":"https:\/\/zjarr.tv\/sq\/wp-json\/wp\/v2\/posts\/187292","targetHints":{"allow":["GET"]}}],"collection":[{"href":"https:\/\/zjarr.tv\/sq\/wp-json\/wp\/v2\/posts"}],"about":[{"href":"https:\/\/zjarr.tv\/sq\/wp-json\/wp\/v2\/types\/post"}],"author":[{"embeddable":true,"href":"https:\/\/zjarr.tv\/sq\/wp-json\/wp\/v2\/users\/2030"}],"replies":[{"embeddable":true,"href":"https:\/\/zjarr.tv\/sq\/wp-json\/wp\/v2\/comments?post=187292"}],"version-history":[{"count":0,"href":"https:\/\/zjarr.tv\/sq\/wp-json\/wp\/v2\/posts\/187292\/revisions"}],"wp:featuredmedia":[{"embeddable":true,"href":"https:\/\/zjarr.tv\/sq\/wp-json\/wp\/v2\/media\/96498"}],"wp:attachment":[{"href":"https:\/\/zjarr.tv\/sq\/wp-json\/wp\/v2\/media?parent=187292"}],"wp:term":[{"taxonomy":"category","embeddable":true,"href":"https:\/\/zjarr.tv\/sq\/wp-json\/wp\/v2\/categories?post=187292"},{"taxonomy":"post_tag","embeddable":true,"href":"https:\/\/zjarr.tv\/sq\/wp-json\/wp\/v2\/tags?post=187292"}],"curies":[{"name":"wp","href":"https:\/\/api.w.org\/{rel}","templated":true}]}}