{"id":187295,"date":"2021-06-08T13:08:42","date_gmt":"2021-06-08T11:08:42","guid":{"rendered":"https:\/\/zjarr.tv\/?p=187295"},"modified":"2021-06-08T13:08:42","modified_gmt":"2021-06-08T11:08:42","slug":"fatbardh-kadilli-zbulon-biseden-koke-me-koke-me-lulzim-bashen-para-zgjedhjeve-te-25-prillit","status":"publish","type":"post","link":"https:\/\/zjarr.tv\/sq\/fatbardh-kadilli-zbulon-biseden-koke-me-koke-me-lulzim-bashen-para-zgjedhjeve-te-25-prillit\/","title":{"rendered":"Fatbardh Kadilli zbulon bised\u00ebn \u201ckok\u00eb m\u00eb kok\u00eb\u201d me Lulzim Bash\u00ebn, para Zgjedhjeve t\u00eb 25 Prillit\u2026"},"content":{"rendered":"<p>Kandidati p\u00ebr kreun e PD-s\u00eb, Fatbardh Kadilli, mbr\u00ebmjen e djeshme u shpreh n\u00eb emisionin \u201cPolitikOn\u201d, se i ka th\u00ebn\u00eb Bash\u00ebs se n\u00ebse do t\u00eb humbas\u00eb Zgjedhjet, do ta ket\u00eb p\u00ebrball\u00eb.<\/p>\n<p>Kadilli tha se Basha \u00ebsht\u00eb nj\u00eb njeri q\u00eb e g\u00ebzon Ram\u00ebn me ekzistenc\u00ebn e tij n\u00eb krye t\u00eb PD-s\u00eb, pasi \u00ebsht\u00eb shfryt\u00ebzuar nga Kryeministri.<\/p>\n<p><em>\u201cUn\u00eb i kam th\u00ebn\u00eb Bash\u00ebs, fito dhe je i lir\u00eb me ne. I kam th\u00ebn\u00eb se n\u00ebse humbet do t\u00eb m\u00eb k\u00ebt\u00eb p\u00ebrball\u00eb dhe ja ku me ka. Sepse p\u00ebr 8 vite sakrificat e demokrat\u00ebve jan\u00eb shkelur me k\u00ebmb\u00eb nga nj\u00eb q\u00ebndrim egoist dhe personal, duke par\u00eb vet\u00ebm dobin\u00eb e tij.<\/em><\/p>\n<p><em>Ai i vetmi \u00ebsht\u00eb q\u00eb thot\u00eb se nuk kemi humbur, kur jemi n\u00eb opozit\u00eb, p\u00ebrve\u00e7 Bash\u00ebs q\u00eb thot\u00eb se ka fituar. Basha \u00ebsht\u00eb n\u00eb nj\u00eb mjerim shpirt\u00ebror, se mjerimin politik na e ka l\u00ebn\u00eb ne. Ai \u00ebsht\u00eb nj\u00eb njeri q\u00eb e g\u00ebzon Ram\u00ebn me ekzistenc\u00ebn e tij n\u00eb krye t\u00eb PD-s\u00eb. Rama \u00ebsht\u00eb i lumtur q\u00eb sepse e ka mundur sa her\u00eb ka dashur dhe e ka shfryt\u00ebzuar paaft\u00ebsin\u00eb e tij ul\u00ebrit\u00ebse p\u00ebr t\u00eb ndalur shkuarin e Ram\u00ebs drejt pushtetit absolut.\u201d,<\/em>\u00a0\u2013 u shpreh Kadilli.<\/p>\n","protected":false},"excerpt":{"rendered":"<p>Kandidati p\u00ebr kreun e PD-s\u00eb, Fatbardh Kadilli, mbr\u00ebmjen e djeshme u shpreh n\u00eb emisionin \u201cPolitikOn\u201d, se i ka th\u00ebn\u00eb Bash\u00ebs se n\u00ebse do t\u00eb humbas\u00eb Zgjedhjet, do ta ket\u00eb p\u00ebrball\u00eb. Kadilli tha se Basha \u00ebsht\u00eb nj\u00eb njeri q\u00eb e g\u00ebzon Ram\u00ebn me ekzistenc\u00ebn e tij n\u00eb krye t\u00eb PD-s\u00eb, pasi \u00ebsht\u00eb shfryt\u00ebzuar nga Kryeministri. \u201cUn\u00eb [&hellip;]<\/p>\n","protected":false},"author":2016,"featured_media":187297,"comment_status":"closed","ping_status":"closed","sticky":false,"template":"","format":"standard","meta":{"footnotes":""},"categories":[241,1454],"tags":[3651],"class_list":{"0":"post-187295","1":"post","2":"type-post","3":"status-publish","4":"format-standard","5":"has-post-thumbnail","7":"category-aktualitet","8":"category-politike","9":"tag-lajme-zjarr-fatbardh-kadilli-zbulon-biseden-zjarr-tv"},"_links":{"self":[{"href":"https:\/\/zjarr.tv\/sq\/wp-json\/wp\/v2\/posts\/187295","targetHints":{"allow":["GET"]}}],"collection":[{"href":"https:\/\/zjarr.tv\/sq\/wp-json\/wp\/v2\/posts"}],"about":[{"href":"https:\/\/zjarr.tv\/sq\/wp-json\/wp\/v2\/types\/post"}],"author":[{"embeddable":true,"href":"https:\/\/zjarr.tv\/sq\/wp-json\/wp\/v2\/users\/2016"}],"replies":[{"embeddable":true,"href":"https:\/\/zjarr.tv\/sq\/wp-json\/wp\/v2\/comments?post=187295"}],"version-history":[{"count":0,"href":"https:\/\/zjarr.tv\/sq\/wp-json\/wp\/v2\/posts\/187295\/revisions"}],"wp:featuredmedia":[{"embeddable":true,"href":"https:\/\/zjarr.tv\/sq\/wp-json\/wp\/v2\/media\/187297"}],"wp:attachment":[{"href":"https:\/\/zjarr.tv\/sq\/wp-json\/wp\/v2\/media?parent=187295"}],"wp:term":[{"taxonomy":"category","embeddable":true,"href":"https:\/\/zjarr.tv\/sq\/wp-json\/wp\/v2\/categories?post=187295"},{"taxonomy":"post_tag","embeddable":true,"href":"https:\/\/zjarr.tv\/sq\/wp-json\/wp\/v2\/tags?post=187295"}],"curies":[{"name":"wp","href":"https:\/\/api.w.org\/{rel}","templated":true}]}}