{"id":187310,"date":"2021-06-08T14:11:05","date_gmt":"2021-06-08T12:11:05","guid":{"rendered":"https:\/\/zjarr.tv\/?p=187310"},"modified":"2021-06-08T14:11:50","modified_gmt":"2021-06-08T12:11:50","slug":"basha-u-kthen-pergjigje-shehajt-dhe-harxhit-e-konsideroni-25-prillin-fitore-te-rames-rrezikoni-te-percani-pd-ne","status":"publish","type":"post","link":"https:\/\/zjarr.tv\/sq\/basha-u-kthen-pergjigje-shehajt-dhe-harxhit-e-konsideroni-25-prillin-fitore-te-rames-rrezikoni-te-percani-pd-ne\/","title":{"rendered":"Basha i kthen p\u00ebrgjigje Shehajt dhe Harxhit: E konsideroni 25 Prillin fitore t\u00eb Ram\u00ebs, rrezikoni t\u00eb p\u00ebr\u00e7ani PD-n\u00eb\u2026"},"content":{"rendered":"<p>Lulzim Basha thot\u00eb se dy kandidat\u00ebt p\u00ebr kryetar t\u00eb Partis\u00eb Demokratike, Agron Shehaj dhe Edith Harxhi, mund t\u00eb p\u00ebr\u00e7ajn\u00eb demokrat\u00ebt me njohjen e fitores s\u00eb Edi Ram\u00ebs n\u00eb 25 Prill.<\/p>\n<p>Si Shehaj dhe Harxhi, kan\u00eb deklaruar m\u00eb her\u00ebt se Rama arriti t\u00eb fitoj\u00eb Zgjedhjet Parlamentare, p\u00ebr shkak t\u00eb strategjis\u00eb s\u00eb gabuar dhe keqorganizimit t\u00eb PD-s\u00eb.<\/p>\n<p>Gjat\u00eb nj\u00eb takimi me demokrat\u00ebt e Nj\u00ebsis\u00eb 6 n\u00eb Tiran\u00eb, Basha tha se 25 Prilli, ishte dhe do t\u00eb mbetet manipulimi m\u00eb i madh.<\/p>\n<p>\u201c25 prilli \u00ebsht\u00eb msak\u00ebr zgjedhore, nuk mund dhe nuk do t\u00eb pranohet e njihet kurrsesi. Dhe autorit t\u00eb k\u00ebsaj masakre nuk mund t\u2019i shtrim\u00eb dor\u00ebn, por do t\u2019i ofrojm\u00eb vet\u00ebm nj\u00eb gj\u00eb, betej\u00ebn p\u00ebr ta larguar. Gara e brendshme sot \u00ebsht\u00eb nj\u00eb gar\u00eb e vlerave tona, p\u00ebr respektin\u2026Jemi t\u00eb gatsh\u00ebm dhe gati p\u00ebr t\u00eb administruar daljen nga kriza. Por dor\u00ebzimi p\u00ebrball\u00eb atyre q\u00eb 25 prillin e konsiderojn\u00eb nj\u00eb fitore t\u00eb Ram\u00ebs, mund t\u00eb sjell\u00eb p\u00ebr\u00e7arje. Nxitimi nuk mund t\u00eb p\u00ebrb\u00ebj\u00eb arsye p\u00ebr at\u00eb q\u00eb nd\u00ebrtuam s\u00eb bashku\u201d, u shpreh Basha.<\/p>\n<p>&nbsp;<\/p>\n<p>&nbsp;<\/p>\n","protected":false},"excerpt":{"rendered":"<p>Lulzim Basha thot\u00eb se dy kandidat\u00ebt p\u00ebr kryetar t\u00eb Partis\u00eb Demokratike, Agron Shehaj dhe Edith Harxhi, mund t\u00eb p\u00ebr\u00e7ajn\u00eb demokrat\u00ebt me njohjen e fitores s\u00eb Edi Ram\u00ebs n\u00eb 25 Prill. Si Shehaj dhe Harxhi, kan\u00eb deklaruar m\u00eb her\u00ebt se Rama arriti t\u00eb fitoj\u00eb Zgjedhjet Parlamentare, p\u00ebr shkak t\u00eb strategjis\u00eb s\u00eb gabuar dhe keqorganizimit t\u00eb PD-s\u00eb. [&hellip;]<\/p>\n","protected":false},"author":2016,"featured_media":187312,"comment_status":"closed","ping_status":"closed","sticky":false,"template":"","format":"standard","meta":{"footnotes":""},"categories":[241,1454],"tags":[3654],"class_list":{"0":"post-187310","1":"post","2":"type-post","3":"status-publish","4":"format-standard","5":"has-post-thumbnail","7":"category-aktualitet","8":"category-politike","9":"tag-lajme-zjarr-basha-per-shehajn-dhe-harxhin-zjarr-tv"},"_links":{"self":[{"href":"https:\/\/zjarr.tv\/sq\/wp-json\/wp\/v2\/posts\/187310","targetHints":{"allow":["GET"]}}],"collection":[{"href":"https:\/\/zjarr.tv\/sq\/wp-json\/wp\/v2\/posts"}],"about":[{"href":"https:\/\/zjarr.tv\/sq\/wp-json\/wp\/v2\/types\/post"}],"author":[{"embeddable":true,"href":"https:\/\/zjarr.tv\/sq\/wp-json\/wp\/v2\/users\/2016"}],"replies":[{"embeddable":true,"href":"https:\/\/zjarr.tv\/sq\/wp-json\/wp\/v2\/comments?post=187310"}],"version-history":[{"count":0,"href":"https:\/\/zjarr.tv\/sq\/wp-json\/wp\/v2\/posts\/187310\/revisions"}],"wp:featuredmedia":[{"embeddable":true,"href":"https:\/\/zjarr.tv\/sq\/wp-json\/wp\/v2\/media\/187312"}],"wp:attachment":[{"href":"https:\/\/zjarr.tv\/sq\/wp-json\/wp\/v2\/media?parent=187310"}],"wp:term":[{"taxonomy":"category","embeddable":true,"href":"https:\/\/zjarr.tv\/sq\/wp-json\/wp\/v2\/categories?post=187310"},{"taxonomy":"post_tag","embeddable":true,"href":"https:\/\/zjarr.tv\/sq\/wp-json\/wp\/v2\/tags?post=187310"}],"curies":[{"name":"wp","href":"https:\/\/api.w.org\/{rel}","templated":true}]}}