{"id":187314,"date":"2021-06-08T14:28:04","date_gmt":"2021-06-08T12:28:04","guid":{"rendered":"https:\/\/zjarr.tv\/?p=187314"},"modified":"2021-06-08T14:28:04","modified_gmt":"2021-06-08T12:28:04","slug":"seanca-per-shkarkimin-e-metes-analisti-artan-hoxha-konkluzionet-e-parlamentit-karagjoz-nuk-duhen-marre-parasysh-gjykata-kushtetuese-dp-te-jete-ne-presion-te-madh","status":"publish","type":"post","link":"https:\/\/zjarr.tv\/sq\/seanca-per-shkarkimin-e-metes-analisti-artan-hoxha-konkluzionet-e-parlamentit-karagjoz-nuk-duhen-marre-parasysh-gjykata-kushtetuese-dp-te-jete-ne-presion-te-madh\/","title":{"rendered":"Seanca p\u00ebr shkarkimin e Met\u00ebs\/ Analisti Artan Hoxha: Konkluzionet e Parlamentit karagjoz, nuk duhen marr\u00eb parasysh, Gjykata Kushtetuese dp t\u00eb jet\u00eb n\u00eb presion t\u00eb madh\u2026"},"content":{"rendered":"<p>Analisti Artan Hoxha<\/p>\n<p>\u201cGjykata kushtetuese do t\u00eb jet\u00eb n\u00eb nj\u00eb presion t\u00eb madh, me mazhoranc\u00ebn fitimtare n\u00eb t\u00eb gjitha mjetet e paligjshme apo t\u00eb ligjshme p\u00ebrball\u00eb presidentit. Do t\u00eb shohim n\u00ebse kjo gjykat\u00eb do t\u00eb marr\u00eb nj\u00eb vendim t\u00eb mencur dhe kushtetues apo do t\u00eb dor\u00ebzohet ndaj presionit t\u00eb pushtetit.<\/p>\n<p>Besoj se konkluzionet e parlamentit karagjoz n\u00eb nj\u00eb periudh\u00eb karagjoze nuk duhen marr\u00eb parasysh. Ky parlament karagjoz nuk kupton gj\u00ebn\u00eb m\u00eb elementare. Zoti Meta ka b\u00ebr\u00eb shum\u00eb mir\u00eb q\u00eb nuk ka shkuar\u201d- u shpreh analisti Artan Hoxha p\u00ebr Fax News.<\/p>\n","protected":false},"excerpt":{"rendered":"<p>Analisti Artan Hoxha \u201cGjykata kushtetuese do t\u00eb jet\u00eb n\u00eb nj\u00eb presion t\u00eb madh, me mazhoranc\u00ebn fitimtare n\u00eb t\u00eb gjitha mjetet e paligjshme apo t\u00eb ligjshme p\u00ebrball\u00eb presidentit. Do t\u00eb shohim n\u00ebse kjo gjykat\u00eb do t\u00eb marr\u00eb nj\u00eb vendim t\u00eb mencur dhe kushtetues apo do t\u00eb dor\u00ebzohet ndaj presionit t\u00eb pushtetit. Besoj se konkluzionet e parlamentit [&hellip;]<\/p>\n","protected":false},"author":2016,"featured_media":187316,"comment_status":"closed","ping_status":"closed","sticky":false,"template":"","format":"standard","meta":{"footnotes":""},"categories":[241],"tags":[3655],"class_list":{"0":"post-187314","1":"post","2":"type-post","3":"status-publish","4":"format-standard","5":"has-post-thumbnail","7":"category-aktualitet","8":"tag-lajme-zjarr-analisti-artan-hoxha-zjarr-tv"},"_links":{"self":[{"href":"https:\/\/zjarr.tv\/sq\/wp-json\/wp\/v2\/posts\/187314","targetHints":{"allow":["GET"]}}],"collection":[{"href":"https:\/\/zjarr.tv\/sq\/wp-json\/wp\/v2\/posts"}],"about":[{"href":"https:\/\/zjarr.tv\/sq\/wp-json\/wp\/v2\/types\/post"}],"author":[{"embeddable":true,"href":"https:\/\/zjarr.tv\/sq\/wp-json\/wp\/v2\/users\/2016"}],"replies":[{"embeddable":true,"href":"https:\/\/zjarr.tv\/sq\/wp-json\/wp\/v2\/comments?post=187314"}],"version-history":[{"count":0,"href":"https:\/\/zjarr.tv\/sq\/wp-json\/wp\/v2\/posts\/187314\/revisions"}],"wp:featuredmedia":[{"embeddable":true,"href":"https:\/\/zjarr.tv\/sq\/wp-json\/wp\/v2\/media\/187316"}],"wp:attachment":[{"href":"https:\/\/zjarr.tv\/sq\/wp-json\/wp\/v2\/media?parent=187314"}],"wp:term":[{"taxonomy":"category","embeddable":true,"href":"https:\/\/zjarr.tv\/sq\/wp-json\/wp\/v2\/categories?post=187314"},{"taxonomy":"post_tag","embeddable":true,"href":"https:\/\/zjarr.tv\/sq\/wp-json\/wp\/v2\/tags?post=187314"}],"curies":[{"name":"wp","href":"https:\/\/api.w.org\/{rel}","templated":true}]}}