{"id":187333,"date":"2021-06-08T15:19:51","date_gmt":"2021-06-08T13:19:51","guid":{"rendered":"https:\/\/zjarr.tv\/?p=187333"},"modified":"2021-06-08T15:19:51","modified_gmt":"2021-06-08T13:19:51","slug":"presidenti-i-francesemmanuel-macron-qellohet-me-shuplake-nga-nje-qytetar-video","status":"publish","type":"post","link":"https:\/\/zjarr.tv\/sq\/presidenti-i-francesemmanuel-macron-qellohet-me-shuplake-nga-nje-qytetar-video\/","title":{"rendered":"Presidenti i Franc\u00ebs,Emmanuel Macron q\u00ebllohet me shuplak\u00eb nga nj\u00eb qytetar (VIDEO)"},"content":{"rendered":"<p style=\"background: white; margin: 0in 0in 19.5pt 0in;\">Presidenti i Franc\u00ebs, Emmanuel Macron \u00ebsht\u00eb q\u00eblluar sot me shuplak\u00eb nga nj\u00eb qytetar.<\/p>\n<p style=\"background: white; -webkit-tap-highlight-color: transparent !important; box-sizing: border-box; overflow-wrap: break-word; font-variant-ligatures: normal; font-variant-caps: normal; orphans: 2; widows: 2; -webkit-text-stroke-width: 0px; text-decoration-thickness: initial; text-decoration-style: initial; text-decoration-color: initial; word-spacing: 0px; margin: 0in 0in 19.5pt 0in;\">Ai ishte duke zhvilluar nj\u00eb takim me qytetar\u00ebt, t\u00eb cil\u00ebt i ndante vet\u00ebm barriera. Kur Macron i \u00ebsht\u00eb afruar nj\u00eb qytetar e ka kapur te dora dhe me dor\u00ebn tjet\u00ebr e ka goditur.<\/p>\n<p style=\"background: white; -webkit-tap-highlight-color: transparent !important; box-sizing: border-box; overflow-wrap: break-word; font-variant-ligatures: normal; font-variant-caps: normal; orphans: 2; widows: 2; -webkit-text-stroke-width: 0px; text-decoration-thickness: initial; text-decoration-style: initial; text-decoration-color: initial; word-spacing: 0px; margin: 0in 0in 19.5pt 0in;\">Truprojat e tij nuk kan\u00eb mundur ta parandalojn\u00eb k\u00ebt\u00eb ngjarje, por kan\u00eb reaguar menj\u00ebher\u00eb duke e neutralizuar personin q\u00eb q\u00eblloi.<\/p>\n<p><iframe loading=\"lazy\" title=\"French President Emmanuel Macron got slapped by a man\" width=\"696\" height=\"392\" src=\"https:\/\/www.youtube.com\/embed\/-RvQbowGzDk?feature=oembed\" frameborder=\"0\" allow=\"accelerometer; autoplay; clipboard-write; encrypted-media; gyroscope; picture-in-picture\" allowfullscreen><\/iframe><\/p>\n","protected":false},"excerpt":{"rendered":"<p>Presidenti i Franc\u00ebs, Emmanuel Macron \u00ebsht\u00eb q\u00eblluar sot me shuplak\u00eb nga nj\u00eb qytetar. Ai ishte duke zhvilluar nj\u00eb takim me qytetar\u00ebt, t\u00eb cil\u00ebt i ndante vet\u00ebm barriera. Kur Macron i \u00ebsht\u00eb afruar nj\u00eb qytetar e ka kapur te dora dhe me dor\u00ebn tjet\u00ebr e ka goditur. Truprojat e tij nuk kan\u00eb mundur ta parandalojn\u00eb k\u00ebt\u00eb [&hellip;]<\/p>\n","protected":false},"author":2030,"featured_media":187334,"comment_status":"closed","ping_status":"closed","sticky":false,"template":"","format":"standard","meta":{"footnotes":""},"categories":[241,191,1454],"tags":[],"class_list":{"0":"post-187333","1":"post","2":"type-post","3":"status-publish","4":"format-standard","5":"has-post-thumbnail","7":"category-aktualitet","8":"category-bota","9":"category-politike"},"_links":{"self":[{"href":"https:\/\/zjarr.tv\/sq\/wp-json\/wp\/v2\/posts\/187333","targetHints":{"allow":["GET"]}}],"collection":[{"href":"https:\/\/zjarr.tv\/sq\/wp-json\/wp\/v2\/posts"}],"about":[{"href":"https:\/\/zjarr.tv\/sq\/wp-json\/wp\/v2\/types\/post"}],"author":[{"embeddable":true,"href":"https:\/\/zjarr.tv\/sq\/wp-json\/wp\/v2\/users\/2030"}],"replies":[{"embeddable":true,"href":"https:\/\/zjarr.tv\/sq\/wp-json\/wp\/v2\/comments?post=187333"}],"version-history":[{"count":0,"href":"https:\/\/zjarr.tv\/sq\/wp-json\/wp\/v2\/posts\/187333\/revisions"}],"wp:featuredmedia":[{"embeddable":true,"href":"https:\/\/zjarr.tv\/sq\/wp-json\/wp\/v2\/media\/187334"}],"wp:attachment":[{"href":"https:\/\/zjarr.tv\/sq\/wp-json\/wp\/v2\/media?parent=187333"}],"wp:term":[{"taxonomy":"category","embeddable":true,"href":"https:\/\/zjarr.tv\/sq\/wp-json\/wp\/v2\/categories?post=187333"},{"taxonomy":"post_tag","embeddable":true,"href":"https:\/\/zjarr.tv\/sq\/wp-json\/wp\/v2\/tags?post=187333"}],"curies":[{"name":"wp","href":"https:\/\/api.w.org\/{rel}","templated":true}]}}