{"id":187337,"date":"2021-06-08T15:30:04","date_gmt":"2021-06-08T13:30:04","guid":{"rendered":"https:\/\/zjarr.tv\/?p=187337"},"modified":"2021-06-08T15:30:04","modified_gmt":"2021-06-08T13:30:04","slug":"rama-ne-budapest-arrihet-marreveshje-per-njohjen-e-certifikatave-te-vanksinimit-anti-covid-se-shpejti-hapen-kufijte-mes-shqiperise-dhe-hungarise","status":"publish","type":"post","link":"https:\/\/zjarr.tv\/sq\/rama-ne-budapest-arrihet-marreveshje-per-njohjen-e-certifikatave-te-vanksinimit-anti-covid-se-shpejti-hapen-kufijte-mes-shqiperise-dhe-hungarise\/","title":{"rendered":"Rama n\u00eb Budapest, arrihet marr\u00ebveshje p\u00ebr njohjen e certifikatave t\u00eb vanksinimit anti Covid, s\u00eb shpejti hapen kufijt\u00eb mes Shqip\u00ebris\u00eb dhe Hungaris\u00eb"},"content":{"rendered":"<p>Kryeministri Edi Rama gjat\u00eb vizit\u00ebs s\u00eb tij n\u00eb Hungari ka zhvilluar nj\u00eb takim me kryeministrin Viktor Orban, ku burime b\u00ebjn\u00eb me dije se \u00ebsht\u00eb konkluduar marr\u00ebveshja e par\u00eb mes Shqip\u00ebris\u00eb dhe nj\u00eb vendi an\u00ebtar t\u00eb BE p\u00ebr njohjen e nd\u00ebrsjellt\u00eb t\u00eb certifikatave t\u00eb vanksinimit.<\/p>\n<p>P\u00ebrmes nj\u00eb postimi n\u00eb facebook, Rama ka shp\u00ebrndar\u00eb disa foto nga momenti i takimit mes dy delegacioneve dhe n\u00eb mbishkrimin e tyre shkruan se ka qen\u00eb nj\u00eb dit\u00eb e ve\u00e7ant\u00eb pune mbi bashk\u00ebpunimin bilateral n\u00eb ekonomi, sh\u00ebndet\u00ebsi, arsim, si dhe p\u00ebr ecurin\u00eb e integrimit europian t\u00eb Shqip\u00ebris\u00eb.<\/p>\n<p><strong>Postimi i kryeministrit Rama:<\/strong><\/p>\n<p><em>Budapest \u2013\u00a0 Nj\u00eb dit\u00eb e ve\u00e7ant\u00eb pune me kryeministrin Viktor Orb\u00e1n dhe delegacionet p\u00ebrkat\u00ebse, mbi bashk\u00ebpunimin bilateral n\u00eb ekonomi, sh\u00ebndet\u00ebsi, arsim dhe p\u00ebr ecurin\u00eb e integrimit europian t\u00eb Shqip\u00ebris\u00eb, ku Hungaria \u00ebsht\u00eb historikisht nj\u00eb mb\u00ebshtet\u00ebse e pal\u00ebkundur<\/em><\/p>\n<p>&nbsp;<\/p>\n<p><img loading=\"lazy\" decoding=\"async\" class=\"alignnone size-medium wp-image-187340\" src=\"https:\/\/zjarr.tv\/wp-content\/uploads\/2021\/06\/Untitled-design-2021-06-08T152935.911-300x251.jpg\" alt=\"\" width=\"300\" height=\"251\" srcset=\"https:\/\/zjarr.tv\/wp-content\/uploads\/2021\/06\/Untitled-design-2021-06-08T152935.911-300x251.jpg 300w, https:\/\/zjarr.tv\/wp-content\/uploads\/2021\/06\/Untitled-design-2021-06-08T152935.911-768x644.jpg 768w, https:\/\/zjarr.tv\/wp-content\/uploads\/2021\/06\/Untitled-design-2021-06-08T152935.911-696x583.jpg 696w, https:\/\/zjarr.tv\/wp-content\/uploads\/2021\/06\/Untitled-design-2021-06-08T152935.911-501x420.jpg 501w, https:\/\/zjarr.tv\/wp-content\/uploads\/2021\/06\/Untitled-design-2021-06-08T152935.911.jpg 940w\" sizes=\"auto, (max-width: 300px) 100vw, 300px\" \/><img loading=\"lazy\" decoding=\"async\" class=\"alignnone size-medium wp-image-187341\" src=\"https:\/\/zjarr.tv\/wp-content\/uploads\/2021\/06\/Untitled-design-2021-06-08T152959.896-300x251.jpg\" alt=\"\" width=\"300\" height=\"251\" srcset=\"https:\/\/zjarr.tv\/wp-content\/uploads\/2021\/06\/Untitled-design-2021-06-08T152959.896-300x251.jpg 300w, https:\/\/zjarr.tv\/wp-content\/uploads\/2021\/06\/Untitled-design-2021-06-08T152959.896-768x644.jpg 768w, https:\/\/zjarr.tv\/wp-content\/uploads\/2021\/06\/Untitled-design-2021-06-08T152959.896-696x583.jpg 696w, https:\/\/zjarr.tv\/wp-content\/uploads\/2021\/06\/Untitled-design-2021-06-08T152959.896-501x420.jpg 501w, https:\/\/zjarr.tv\/wp-content\/uploads\/2021\/06\/Untitled-design-2021-06-08T152959.896.jpg 940w\" sizes=\"auto, (max-width: 300px) 100vw, 300px\" \/><\/p>\n","protected":false},"excerpt":{"rendered":"<p>Kryeministri Edi Rama gjat\u00eb vizit\u00ebs s\u00eb tij n\u00eb Hungari ka zhvilluar nj\u00eb takim me kryeministrin Viktor Orban, ku burime b\u00ebjn\u00eb me dije se \u00ebsht\u00eb konkluduar marr\u00ebveshja e par\u00eb mes Shqip\u00ebris\u00eb dhe nj\u00eb vendi an\u00ebtar t\u00eb BE p\u00ebr njohjen e nd\u00ebrsjellt\u00eb t\u00eb certifikatave t\u00eb vanksinimit. P\u00ebrmes nj\u00eb postimi n\u00eb facebook, Rama ka shp\u00ebrndar\u00eb disa foto nga [&hellip;]<\/p>\n","protected":false},"author":2030,"featured_media":187338,"comment_status":"closed","ping_status":"closed","sticky":false,"template":"","format":"standard","meta":{"footnotes":""},"categories":[241,1454],"tags":[],"class_list":{"0":"post-187337","1":"post","2":"type-post","3":"status-publish","4":"format-standard","5":"has-post-thumbnail","7":"category-aktualitet","8":"category-politike"},"_links":{"self":[{"href":"https:\/\/zjarr.tv\/sq\/wp-json\/wp\/v2\/posts\/187337","targetHints":{"allow":["GET"]}}],"collection":[{"href":"https:\/\/zjarr.tv\/sq\/wp-json\/wp\/v2\/posts"}],"about":[{"href":"https:\/\/zjarr.tv\/sq\/wp-json\/wp\/v2\/types\/post"}],"author":[{"embeddable":true,"href":"https:\/\/zjarr.tv\/sq\/wp-json\/wp\/v2\/users\/2030"}],"replies":[{"embeddable":true,"href":"https:\/\/zjarr.tv\/sq\/wp-json\/wp\/v2\/comments?post=187337"}],"version-history":[{"count":0,"href":"https:\/\/zjarr.tv\/sq\/wp-json\/wp\/v2\/posts\/187337\/revisions"}],"wp:featuredmedia":[{"embeddable":true,"href":"https:\/\/zjarr.tv\/sq\/wp-json\/wp\/v2\/media\/187338"}],"wp:attachment":[{"href":"https:\/\/zjarr.tv\/sq\/wp-json\/wp\/v2\/media?parent=187337"}],"wp:term":[{"taxonomy":"category","embeddable":true,"href":"https:\/\/zjarr.tv\/sq\/wp-json\/wp\/v2\/categories?post=187337"},{"taxonomy":"post_tag","embeddable":true,"href":"https:\/\/zjarr.tv\/sq\/wp-json\/wp\/v2\/tags?post=187337"}],"curies":[{"name":"wp","href":"https:\/\/api.w.org\/{rel}","templated":true}]}}