{"id":187364,"date":"2021-06-08T17:40:23","date_gmt":"2021-06-08T15:40:23","guid":{"rendered":"https:\/\/zjarr.tv\/?p=187364"},"modified":"2021-06-08T17:40:23","modified_gmt":"2021-06-08T15:40:23","slug":"arrihen-dy-marreveshje-te-rendesishme-kosove-shqiperi-hiqet-leja-e-perkohshme-e-qendrimit-hapet-pika-e-perbashket-e-kalimit-ne-kukes","status":"publish","type":"post","link":"https:\/\/zjarr.tv\/sq\/arrihen-dy-marreveshje-te-rendesishme-kosove-shqiperi-hiqet-leja-e-perkohshme-e-qendrimit-hapet-pika-e-perbashket-e-kalimit-ne-kukes\/","title":{"rendered":"Arrihen dy marr\u00ebveshje t\u00eb r\u00ebnd\u00ebsishme Kosov\u00eb-Shqip\u00ebri: Hiqet leja e p\u00ebrkohshme e q\u00ebndrimit, hapet pika e p\u00ebrbashk\u00ebt e kalimit n\u00eb Kuk\u00ebs"},"content":{"rendered":"<p>Qeveria e Kosov\u00ebs ka miratuar n\u00eb parim Marr\u00ebveshjen Nd\u00ebrkomb\u00ebtare nd\u00ebrmjet Qeveris\u00eb s\u00eb Republik\u00ebs t\u00eb Kosov\u00ebs dhe K\u00ebshillit t\u00eb Ministrave t\u00eb Republik\u00ebs s\u00eb Shqip\u00ebris\u00eb p\u00ebr heqjen e leje q\u00ebndrimit t\u00eb p\u00ebrkohsh\u00ebm.<\/p>\n<p>Lajmin e ka konfirmuar, z\u00ebvend\u00ebsministri i Pun\u00ebve t\u00eb Brendshme, Blerim Gashani i cili ka deklaruar nd\u00ebr t\u00eb tjera se ky projekt vjen n\u00eb kuad\u00ebr t\u00eb bashk\u00ebpunimit bilateral dhe interesave t\u00eb p\u00ebrbashk\u00ebt mes dy vendeve.<\/p>\n<p>Ai sqaroi se heqja e lejes s\u00eb p\u00ebrkohshme me Shqip\u00ebrin\u00eb n\u00ebnkupton largimin e kritereve t\u00eb parapara n\u00eb ligjin p\u00ebrkat\u00ebs p\u00ebr t\u00eb huajt p\u00ebr pajisje me leje p\u00ebr q\u00ebndrim t\u00eb p\u00ebrkohsh\u00ebm.<\/p>\n<p>\u201cHeqja e lejes s\u00eb p\u00ebrkohshme, sipas k\u00ebsaj marr\u00ebveshje, n\u00ebnkupton largimin e kritereve t\u00eb parapara n\u00eb ligjin p\u00ebrkat\u00ebs p\u00ebr t\u00eb huajt p\u00ebr pajisje me leje p\u00ebr q\u00ebndrim t\u00eb p\u00ebrkohsh\u00ebm. Leje q\u00ebndrimi i p\u00ebrkohsh\u00ebm, sipas k\u00ebsaj marr\u00ebveshje, n\u00ebnkupton pajisjen me lejeq\u00ebndrim t\u00eb p\u00ebrkohsh\u00ebm p\u00ebr t\u00eb huajt me afat 5-vje\u00e7ar.<\/p>\n<p>P\u00ebrmes k\u00ebsaj marr\u00ebveshje, pal\u00ebt n\u00ebnshkruese n\u00eb momentin e lajm\u00ebrimit t\u00eb q\u00ebndrimit t\u00eb p\u00ebrkohsh\u00ebm n\u00eb territorin e pal\u00ebs tjet\u00ebr duhet t\u00eb plot\u00ebsojn\u00eb formularin p\u00ebr lajm\u00ebrim, ku n\u00eb k\u00ebt\u00eb rast, ministria p\u00ebrkat\u00ebse e Pun\u00ebve t\u00eb Brendshme, obligohet q\u00eb n\u00eb afat prej 30 dit\u00ebsh t\u00eb pajis\u00eb me leje q\u00ebndrimi shtetasin e pal\u00ebs tjet\u00ebr q\u00eb ka lajm\u00ebruar leje q\u00ebndrimin.<\/p>\n<p>N\u00eb k\u00ebt\u00eb m\u00ebnyr\u00eb shtetasit e pal\u00ebve n\u00ebnshkruese n\u00eb momentin e lajm\u00ebrimit t\u00eb q\u00ebndrimit t\u00eb p\u00ebrkohsh\u00ebm, mund t\u00eb q\u00ebndrojn\u00eb n\u00eb territorin e shtetit tjet\u00ebr deri n\u00eb 5 vjet p\u00ebr ndonj\u00ebr\u00ebn nga arsyet n\u00eb vijim: p\u00ebr bashkim familjar, arsim parauniversitar dhe arsim i lart\u00eb, k\u00ebrkime shkencore, arsye humanitare, viktimat e trafikimit me njer\u00ebz, migrant\u00ebt dhe t\u00eb huajt\u201d, tha ai.<\/p>\n<p>Nj\u00eb marr\u00ebveshje tjet\u00ebr bilaterale mes dy vendeve, \u00ebsht\u00eb se sot qeveria e Kosov\u00ebs ka miratuar sot edhe nism\u00ebn p\u00ebr amandamentimin e Marr\u00ebveshjes nd\u00ebrmjet Qeveris\u00eb s\u00eb Kosov\u00ebs dhe K\u00ebshillit t\u00eb Ministrave t\u00eb Shqip\u00ebris\u00eb p\u00ebr hapjen e pik\u00ebs s\u00eb p\u00ebrbashk\u00ebt t\u00eb kalimit kufitar Krushev\u00eb (Dragash) \u2013 Shishtavec (Kuk\u00ebs) dhe nism\u00ebn p\u00ebr lidhjen e Marr\u00ebveshjes p\u00ebr Rregullimin e Regjimit t\u00eb Trafikut Lokal t\u00eb Kufirit.<\/p>\n","protected":false},"excerpt":{"rendered":"<p>Qeveria e Kosov\u00ebs ka miratuar n\u00eb parim Marr\u00ebveshjen Nd\u00ebrkomb\u00ebtare nd\u00ebrmjet Qeveris\u00eb s\u00eb Republik\u00ebs t\u00eb Kosov\u00ebs dhe K\u00ebshillit t\u00eb Ministrave t\u00eb Republik\u00ebs s\u00eb Shqip\u00ebris\u00eb p\u00ebr heqjen e leje q\u00ebndrimit t\u00eb p\u00ebrkohsh\u00ebm. Lajmin e ka konfirmuar, z\u00ebvend\u00ebsministri i Pun\u00ebve t\u00eb Brendshme, Blerim Gashani i cili ka deklaruar nd\u00ebr t\u00eb tjera se ky projekt vjen n\u00eb kuad\u00ebr t\u00eb [&hellip;]<\/p>\n","protected":false},"author":2031,"featured_media":187365,"comment_status":"closed","ping_status":"closed","sticky":false,"template":"","format":"standard","meta":{"footnotes":""},"categories":[231],"tags":[],"class_list":{"0":"post-187364","1":"post","2":"type-post","3":"status-publish","4":"format-standard","5":"has-post-thumbnail","7":"category-lajme"},"_links":{"self":[{"href":"https:\/\/zjarr.tv\/sq\/wp-json\/wp\/v2\/posts\/187364","targetHints":{"allow":["GET"]}}],"collection":[{"href":"https:\/\/zjarr.tv\/sq\/wp-json\/wp\/v2\/posts"}],"about":[{"href":"https:\/\/zjarr.tv\/sq\/wp-json\/wp\/v2\/types\/post"}],"author":[{"embeddable":true,"href":"https:\/\/zjarr.tv\/sq\/wp-json\/wp\/v2\/users\/2031"}],"replies":[{"embeddable":true,"href":"https:\/\/zjarr.tv\/sq\/wp-json\/wp\/v2\/comments?post=187364"}],"version-history":[{"count":0,"href":"https:\/\/zjarr.tv\/sq\/wp-json\/wp\/v2\/posts\/187364\/revisions"}],"wp:featuredmedia":[{"embeddable":true,"href":"https:\/\/zjarr.tv\/sq\/wp-json\/wp\/v2\/media\/187365"}],"wp:attachment":[{"href":"https:\/\/zjarr.tv\/sq\/wp-json\/wp\/v2\/media?parent=187364"}],"wp:term":[{"taxonomy":"category","embeddable":true,"href":"https:\/\/zjarr.tv\/sq\/wp-json\/wp\/v2\/categories?post=187364"},{"taxonomy":"post_tag","embeddable":true,"href":"https:\/\/zjarr.tv\/sq\/wp-json\/wp\/v2\/tags?post=187364"}],"curies":[{"name":"wp","href":"https:\/\/api.w.org\/{rel}","templated":true}]}}