{"id":187369,"date":"2021-06-08T17:52:32","date_gmt":"2021-06-08T15:52:32","guid":{"rendered":"https:\/\/zjarr.tv\/?p=187369"},"modified":"2021-06-08T17:52:32","modified_gmt":"2021-06-08T15:52:32","slug":"ofendohesha-e-perbuzesha-ne-shkolle-vetem-se-isha-veriore-fjoralba-ponari-ndan-me-ndjekesit-peripecite-e-rrugetimit-te-saj","status":"publish","type":"post","link":"https:\/\/zjarr.tv\/sq\/ofendohesha-e-perbuzesha-ne-shkolle-vetem-se-isha-veriore-fjoralba-ponari-ndan-me-ndjekesit-peripecite-e-rrugetimit-te-saj\/","title":{"rendered":"\u201cOfendohesha e p\u00ebrbuzesha n\u00eb shkoll\u00eb vet\u00ebm se isha veriore\u201d, Fjoralba Ponari ndan me ndjek\u00ebsit peripecit\u00eb e rrug\u00ebtimit t\u00eb saj"},"content":{"rendered":"<p>Fjoralba Ponari \u00ebsht\u00eb nj\u00eb nga moderatoret m\u00eb simpatike dhe t\u00eb dashura t\u00eb ekranit shqiptar.<\/p>\n<p>Asaj i jan\u00eb besuar deri m\u00eb tani disa nga formatet m\u00eb t\u00eb r\u00ebnd\u00ebsish\u00ebm n\u00eb Top Channel, si \u201cE diell\u201d apo \u201cPortokalli\u201d. Ajo ka treguar se \u00ebsht\u00eb nj\u00eb moderatore shum\u00eb e zonja dhe fal\u00eb shkatht\u00ebsis\u00eb dhe elokuenc\u00ebs arriti t\u00eb ngjis\u00eb shum\u00eb shpejt shkall\u00ebt e suksesit.<\/p>\n<p>Mir\u00ebpo rruga e saj drejt k\u00ebtij suksesi nuk ka qen\u00eb e leht\u00eb dhe asaj i \u00ebsht\u00eb dashur t\u00eb luftoj fort p\u00ebr t\u00eb realizuar \u00ebndrrat e saj. Gjat\u00eb nj\u00eb bisede me ndjek\u00ebsit, Fjoralba ka zbuluar se n\u00eb f\u00ebmij\u00ebri \u00ebsht\u00eb paragjykuar edhe p\u00ebr faktin se origjina e saj \u00ebsht\u00eb nga veriu i Shqip\u00ebris\u00eb.<\/p>\n<p>Moderatorja ka treguar se nj\u00ebra nga m\u00ebsueset e saj e ka trajtuar keq vet\u00ebm p\u00ebr faktin se vinte nga veriu. Ajo ka ndar\u00eb dhe nj\u00eb histori me ndjek\u00ebsit dhe ju ka dh\u00ebn\u00eb t\u00eb gjith\u00ebve nj\u00eb mesazh shum\u00eb t\u00eb vlefsh\u00ebm.<\/p>\n<p>\u201cPer fat te keq, po! Kam kujtime jo te mira, sidomos nga 9 vjecarja, &amp; ne menyre te vecante nga mesuesja e kimise, e cila femijet veriore (ku beja pjese dhe une) i ofendonte e i trajtonte me nje perbuzje cnjerezore.<\/p>\n<p>Madje mend, kur mamaja ime erdhi qe te ballafaqohej me te per qendrimin qe kishte ndaj meje\u2026pergjigjen e saj (pasi kuptoi qe ime me nuk ishte veriore) e kam te skalitur ne kujtese qe shprehimisht i tha: \u2013 Po ti duhej te me thoje, qe eshte gjysem MALOKE (jo malesore) vajza se dhe e zgjidhnim ndryshe!<\/p>\n<p>Mgjth injoranca dhe perbuzja, jo e saj por e askujt, nuk me ka penguar kurre qe te luftoj drejt se ardhmes time dhe te njejten gje duhet te beje dhe vajza jote!\u201d, shkruan Fjoralba n\u00eb nj\u00eb postim.<\/p>\n<p><img loading=\"lazy\" decoding=\"async\" class=\"alignnone size-medium wp-image-187371\" src=\"https:\/\/zjarr.tv\/wp-content\/uploads\/2021\/06\/FJORALBA-218x400-1-164x300.jpg\" alt=\"\" width=\"164\" height=\"300\" srcset=\"https:\/\/zjarr.tv\/wp-content\/uploads\/2021\/06\/FJORALBA-218x400-1-164x300.jpg 164w, https:\/\/zjarr.tv\/wp-content\/uploads\/2021\/06\/FJORALBA-218x400-1.jpg 218w\" sizes=\"auto, (max-width: 164px) 100vw, 164px\" \/><\/p>\n","protected":false},"excerpt":{"rendered":"<p>Fjoralba Ponari \u00ebsht\u00eb nj\u00eb nga moderatoret m\u00eb simpatike dhe t\u00eb dashura t\u00eb ekranit shqiptar. Asaj i jan\u00eb besuar deri m\u00eb tani disa nga formatet m\u00eb t\u00eb r\u00ebnd\u00ebsish\u00ebm n\u00eb Top Channel, si \u201cE diell\u201d apo \u201cPortokalli\u201d. Ajo ka treguar se \u00ebsht\u00eb nj\u00eb moderatore shum\u00eb e zonja dhe fal\u00eb shkatht\u00ebsis\u00eb dhe elokuenc\u00ebs arriti t\u00eb ngjis\u00eb shum\u00eb shpejt [&hellip;]<\/p>\n","protected":false},"author":2031,"featured_media":187370,"comment_status":"closed","ping_status":"closed","sticky":false,"template":"","format":"standard","meta":{"footnotes":""},"categories":[231],"tags":[],"class_list":{"0":"post-187369","1":"post","2":"type-post","3":"status-publish","4":"format-standard","5":"has-post-thumbnail","7":"category-lajme"},"_links":{"self":[{"href":"https:\/\/zjarr.tv\/sq\/wp-json\/wp\/v2\/posts\/187369","targetHints":{"allow":["GET"]}}],"collection":[{"href":"https:\/\/zjarr.tv\/sq\/wp-json\/wp\/v2\/posts"}],"about":[{"href":"https:\/\/zjarr.tv\/sq\/wp-json\/wp\/v2\/types\/post"}],"author":[{"embeddable":true,"href":"https:\/\/zjarr.tv\/sq\/wp-json\/wp\/v2\/users\/2031"}],"replies":[{"embeddable":true,"href":"https:\/\/zjarr.tv\/sq\/wp-json\/wp\/v2\/comments?post=187369"}],"version-history":[{"count":0,"href":"https:\/\/zjarr.tv\/sq\/wp-json\/wp\/v2\/posts\/187369\/revisions"}],"wp:featuredmedia":[{"embeddable":true,"href":"https:\/\/zjarr.tv\/sq\/wp-json\/wp\/v2\/media\/187370"}],"wp:attachment":[{"href":"https:\/\/zjarr.tv\/sq\/wp-json\/wp\/v2\/media?parent=187369"}],"wp:term":[{"taxonomy":"category","embeddable":true,"href":"https:\/\/zjarr.tv\/sq\/wp-json\/wp\/v2\/categories?post=187369"},{"taxonomy":"post_tag","embeddable":true,"href":"https:\/\/zjarr.tv\/sq\/wp-json\/wp\/v2\/tags?post=187369"}],"curies":[{"name":"wp","href":"https:\/\/api.w.org\/{rel}","templated":true}]}}