{"id":187379,"date":"2021-06-08T18:52:36","date_gmt":"2021-06-08T16:52:36","guid":{"rendered":"https:\/\/zjarr.tv\/?p=187379"},"modified":"2021-06-08T19:02:33","modified_gmt":"2021-06-08T17:02:33","slug":"rama-shkon-te-vendi-ku-do-te-vendoset-busti-i-skenderbeut-ne-hungari-i-duket-vetja-si-ne-shqiperi-dhe-merr-rolin-e-projektuesit-flisni-pak-me-ata-qe-te-shtrojne-nje-tapet-kuqezi","status":"publish","type":"post","link":"https:\/\/zjarr.tv\/sq\/rama-shkon-te-vendi-ku-do-te-vendoset-busti-i-skenderbeut-ne-hungari-i-duket-vetja-si-ne-shqiperi-dhe-merr-rolin-e-projektuesit-flisni-pak-me-ata-qe-te-shtrojne-nje-tapet-kuqezi\/","title":{"rendered":"Rama shkon te vendi ku do t\u00eb vendoset busti i Sk\u00ebnderbeut n\u00eb Hungari, i duket vetja si n\u00eb Shqip\u00ebri dhe merr rolin e projektuesit: Flisni pak me ata q\u00eb t\u00eb shtrojn\u00eb nj\u00eb tapet kuqezi"},"content":{"rendered":"<p style=\"line-height: 19.5pt; background: white; margin: 0in 0in 18.75pt 0in;\">Kryeministri Edi Rama gjat\u00eb vizit\u00ebs zyrtare n\u00eb Hungari, ka vizituar s\u00eb bashku me kryebashkiakun e Tiran\u00ebs Erion Veliaj, vendin n\u00eb parkun q\u00ebndror t\u00eb Budapestit, ku pas pak jav\u00ebsh do t\u00eb vendoset busti i Gjergj Kastriot Sk\u00ebnderbeut.<\/p>\n<p style=\"line-height: 19.5pt; background: white; outline: none; box-sizing: border-box; font-variant-ligatures: normal; font-variant-caps: normal; orphans: 2; text-align: start; widows: 2; -webkit-text-stroke-width: 0px; text-decoration-thickness: initial; text-decoration-style: initial; text-decoration-color: initial; word-spacing: 0px; margin: 0in 0in 18.75pt 0in;\">Rama p\u00ebrmes nj\u00eb video-je t\u00eb postuar n\u00eb facebook, merr rolin e dizajnerit dhe projektuesit ku k\u00ebshillon shtrimin e nj\u00eb tapeti kuq e zi n\u00eb pjes\u00ebn q\u00eb t\u00eb \u00e7on p\u00ebr te busti.<\/p>\n<p style=\"line-height: 19.5pt; background: white; outline: none; box-sizing: border-box; font-variant-ligatures: normal; font-variant-caps: normal; orphans: 2; text-align: start; widows: 2; -webkit-text-stroke-width: 0px; text-decoration-thickness: initial; text-decoration-style: initial; text-decoration-color: initial; word-spacing: 0px; margin: 0in 0in 18.75pt 0in;\">\u201dVendi \u00ebsht\u00eb shum\u00eb i mir\u00eb. Shum\u00eb pikant, jo dosido. E vetmja q\u00eb po mendoja, t\u00eb flisnit pak me ta q\u00eb deri aty mund\u00a0 t\u00eb b\u00ebhet nj\u00eb tapet kuqezi me beton me pigment kuqezi, t\u00eb jet\u00eb si tapet t\u00eb shkonte deri k\u00ebtu. K\u00ebtu mund t\u00eb vazhdoj\u00eb n\u00eb form\u00ebn e nj\u00eb rrugice, t\u00eb kthehet nj\u00eb prerje si fundi i banderol\u00ebs.\u201d- tha Rama.<\/p>\n<p style=\"line-height: 19.5pt; background: white; outline: none; box-sizing: border-box; font-variant-ligatures: normal; font-variant-caps: normal; orphans: 2; text-align: start; widows: 2; -webkit-text-stroke-width: 0px; text-decoration-thickness: initial; text-decoration-style: initial; text-decoration-color: initial; word-spacing: 0px; margin: 0in 0in 18.75pt 0in;\">Nd\u00ebrkoh\u00eb Veliaj ka zbuluar se dhe Mbret\u00ebresha Geraldin\u00eb do t\u00eb ket\u00eb nj\u00eb monument tek sheshi te \u201dZogu l\u201d te Ministria e Drejt\u00ebsis\u00eb.<\/p>\n<p><img loading=\"lazy\" decoding=\"async\" class=\"alignnone size-medium wp-image-187387\" src=\"https:\/\/zjarr.tv\/wp-content\/uploads\/2021\/06\/Untitled-design-2021-06-08T185228.994-300x251.jpg\" alt=\"\" width=\"300\" height=\"251\" srcset=\"https:\/\/zjarr.tv\/wp-content\/uploads\/2021\/06\/Untitled-design-2021-06-08T185228.994-300x251.jpg 300w, https:\/\/zjarr.tv\/wp-content\/uploads\/2021\/06\/Untitled-design-2021-06-08T185228.994-768x644.jpg 768w, https:\/\/zjarr.tv\/wp-content\/uploads\/2021\/06\/Untitled-design-2021-06-08T185228.994-696x583.jpg 696w, https:\/\/zjarr.tv\/wp-content\/uploads\/2021\/06\/Untitled-design-2021-06-08T185228.994-501x420.jpg 501w, https:\/\/zjarr.tv\/wp-content\/uploads\/2021\/06\/Untitled-design-2021-06-08T185228.994.jpg 940w\" sizes=\"auto, (max-width: 300px) 100vw, 300px\" \/><\/p>\n","protected":false},"excerpt":{"rendered":"<p>Kryeministri Edi Rama gjat\u00eb vizit\u00ebs zyrtare n\u00eb Hungari, ka vizituar s\u00eb bashku me kryebashkiakun e Tiran\u00ebs Erion Veliaj, vendin n\u00eb parkun q\u00ebndror t\u00eb Budapestit, ku pas pak jav\u00ebsh do t\u00eb vendoset busti i Gjergj Kastriot Sk\u00ebnderbeut. Rama p\u00ebrmes nj\u00eb video-je t\u00eb postuar n\u00eb facebook, merr rolin e dizajnerit dhe projektuesit ku k\u00ebshillon shtrimin e nj\u00eb [&hellip;]<\/p>\n","protected":false},"author":2030,"featured_media":187385,"comment_status":"closed","ping_status":"closed","sticky":false,"template":"","format":"standard","meta":{"footnotes":""},"categories":[241,1454],"tags":[],"class_list":{"0":"post-187379","1":"post","2":"type-post","3":"status-publish","4":"format-standard","5":"has-post-thumbnail","7":"category-aktualitet","8":"category-politike"},"_links":{"self":[{"href":"https:\/\/zjarr.tv\/sq\/wp-json\/wp\/v2\/posts\/187379","targetHints":{"allow":["GET"]}}],"collection":[{"href":"https:\/\/zjarr.tv\/sq\/wp-json\/wp\/v2\/posts"}],"about":[{"href":"https:\/\/zjarr.tv\/sq\/wp-json\/wp\/v2\/types\/post"}],"author":[{"embeddable":true,"href":"https:\/\/zjarr.tv\/sq\/wp-json\/wp\/v2\/users\/2030"}],"replies":[{"embeddable":true,"href":"https:\/\/zjarr.tv\/sq\/wp-json\/wp\/v2\/comments?post=187379"}],"version-history":[{"count":0,"href":"https:\/\/zjarr.tv\/sq\/wp-json\/wp\/v2\/posts\/187379\/revisions"}],"wp:featuredmedia":[{"embeddable":true,"href":"https:\/\/zjarr.tv\/sq\/wp-json\/wp\/v2\/media\/187385"}],"wp:attachment":[{"href":"https:\/\/zjarr.tv\/sq\/wp-json\/wp\/v2\/media?parent=187379"}],"wp:term":[{"taxonomy":"category","embeddable":true,"href":"https:\/\/zjarr.tv\/sq\/wp-json\/wp\/v2\/categories?post=187379"},{"taxonomy":"post_tag","embeddable":true,"href":"https:\/\/zjarr.tv\/sq\/wp-json\/wp\/v2\/tags?post=187379"}],"curies":[{"name":"wp","href":"https:\/\/api.w.org\/{rel}","templated":true}]}}