{"id":187381,"date":"2021-06-08T18:42:24","date_gmt":"2021-06-08T16:42:24","guid":{"rendered":"https:\/\/zjarr.tv\/?p=187381"},"modified":"2021-06-08T18:42:24","modified_gmt":"2021-06-08T16:42:24","slug":"unaza-qe-coi-ne-burg-kasapin-e-bosnjes-historiku-i-aksesorit-misterioz-qe-ratko-mlladic-se-hoqi-kurre-nga-gishti","status":"publish","type":"post","link":"https:\/\/zjarr.tv\/sq\/unaza-qe-coi-ne-burg-kasapin-e-bosnjes-historiku-i-aksesorit-misterioz-qe-ratko-mlladic-se-hoqi-kurre-nga-gishti\/","title":{"rendered":"Unaza q\u00eb \u00e7oi n\u00eb burg \u2018Kasapin e Bosnj\u00ebs\u2019, historiku i aksesorit misterioz q\u00eb Ratko Mlladi\u00e7 s\u2019e hoqi kurr\u00eb nga gishti"},"content":{"rendered":"<p>Ish-gjenerali i ushtris\u00eb serbe n\u00eb Bosnje, Ratko Mlladiq, q\u00eb u d\u00ebnua sot me burgim t\u00eb p\u00ebrjetsh\u00ebm p\u00ebr kryerjen e gjenocidit dhe krime kund\u00ebr njer\u00ebzimit, gjithmon\u00eb kishte bartur nj\u00eb unaz\u00eb me nj\u00eb guri t\u00eb \u00e7muar me ngjyr\u00eb t\u00eb zez\u00eb.<\/p>\n<p>Thuhet se unaz\u00ebn misterioze e kishte bartur edhe gjat\u00eb luft\u00ebs ky komandant i ushtris\u00eb n\u00eb Republika Srpska, ndryshe i njohur si Kasapi i Bosnj\u00ebs.<\/p>\n<p>Megjithat\u00eb kjo unaz\u00eb ka qen\u00eb nj\u00eb prej arsyeve kryesore t\u00eb arrestimit t\u00eb tij. N\u00eb fakt si\u00e7 \u00ebsht\u00eb raportuar m\u00eb her\u00ebt, nj\u00eb informator i policis\u00eb e kishte identifikuar pik\u00ebrisht duke u bazuar n\u00eb k\u00ebt\u00eb detaj.<\/p>\n<p>Ndryshe pasi u arrestua dhe nj\u00eb koh\u00eb e kaloi prapa grilave n\u00eb Tribunalin Hag\u00ebs, Mlladiq ia kishte dor\u00ebzuar unaz\u00ebn t\u00eb birit t\u00eb tij Darkos \u2013 t\u00eb cilit m\u00eb von\u00eb gazetar\u00ebt ia kishin v\u00ebrejtur n\u00eb gisht.<\/p>\n","protected":false},"excerpt":{"rendered":"<p>Ish-gjenerali i ushtris\u00eb serbe n\u00eb Bosnje, Ratko Mlladiq, q\u00eb u d\u00ebnua sot me burgim t\u00eb p\u00ebrjetsh\u00ebm p\u00ebr kryerjen e gjenocidit dhe krime kund\u00ebr njer\u00ebzimit, gjithmon\u00eb kishte bartur nj\u00eb unaz\u00eb me nj\u00eb guri t\u00eb \u00e7muar me ngjyr\u00eb t\u00eb zez\u00eb. Thuhet se unaz\u00ebn misterioze e kishte bartur edhe gjat\u00eb luft\u00ebs ky komandant i ushtris\u00eb n\u00eb Republika Srpska, [&hellip;]<\/p>\n","protected":false},"author":2031,"featured_media":187382,"comment_status":"closed","ping_status":"closed","sticky":false,"template":"","format":"standard","meta":{"footnotes":""},"categories":[231],"tags":[],"class_list":{"0":"post-187381","1":"post","2":"type-post","3":"status-publish","4":"format-standard","5":"has-post-thumbnail","7":"category-lajme"},"_links":{"self":[{"href":"https:\/\/zjarr.tv\/sq\/wp-json\/wp\/v2\/posts\/187381","targetHints":{"allow":["GET"]}}],"collection":[{"href":"https:\/\/zjarr.tv\/sq\/wp-json\/wp\/v2\/posts"}],"about":[{"href":"https:\/\/zjarr.tv\/sq\/wp-json\/wp\/v2\/types\/post"}],"author":[{"embeddable":true,"href":"https:\/\/zjarr.tv\/sq\/wp-json\/wp\/v2\/users\/2031"}],"replies":[{"embeddable":true,"href":"https:\/\/zjarr.tv\/sq\/wp-json\/wp\/v2\/comments?post=187381"}],"version-history":[{"count":0,"href":"https:\/\/zjarr.tv\/sq\/wp-json\/wp\/v2\/posts\/187381\/revisions"}],"wp:featuredmedia":[{"embeddable":true,"href":"https:\/\/zjarr.tv\/sq\/wp-json\/wp\/v2\/media\/187382"}],"wp:attachment":[{"href":"https:\/\/zjarr.tv\/sq\/wp-json\/wp\/v2\/media?parent=187381"}],"wp:term":[{"taxonomy":"category","embeddable":true,"href":"https:\/\/zjarr.tv\/sq\/wp-json\/wp\/v2\/categories?post=187381"},{"taxonomy":"post_tag","embeddable":true,"href":"https:\/\/zjarr.tv\/sq\/wp-json\/wp\/v2\/tags?post=187381"}],"curies":[{"name":"wp","href":"https:\/\/api.w.org\/{rel}","templated":true}]}}