{"id":187391,"date":"2021-06-08T19:09:04","date_gmt":"2021-06-08T17:09:04","guid":{"rendered":"https:\/\/zjarr.tv\/?p=187391"},"modified":"2021-06-08T19:09:31","modified_gmt":"2021-06-08T17:09:31","slug":"denoncimi-i-abi-malltezit-perpjekje-e-edi-rames-per-te-grabitur-toka-ligji-qenka-i-ndryshem-per-persona-te-ndryshem","status":"publish","type":"post","link":"https:\/\/zjarr.tv\/sq\/denoncimi-i-abi-malltezit-perpjekje-e-edi-rames-per-te-grabitur-toka-ligji-qenka-i-ndryshem-per-persona-te-ndryshem\/","title":{"rendered":"Denoncimi i Abi Malltezit : &#8220;P\u00ebrpjekje e Edi Rames p\u00ebr t\u00eb grabitur toka\/Ligji qenka i ndrysh\u00ebm p\u00ebr persona t\u00eb ndrysh\u00ebm&#8230;"},"content":{"rendered":"<p>Kreu i departamentit t\u00eb Mjedisit n\u00eb PD,Abi Malltezi ka denoncuar n\u00eb rrjetin social Facebook se \u00a0n\u00ebse qeveria do t\u00eb ishte serioze me bregdetin do t\u00eb merrej me nd\u00ebrhyrjet t\u00eb cilat prekin vijen bregdetare t\u00eb cilat sjellin pasoja afatgjat\u00eb p\u00ebr ekologjin\u00eb.<\/p>\n<p><strong>Postimi i plot\u00eb<\/strong><\/p>\n<p>N\u00ebse Qeveria do ishte serioze me bregdetin do prishte ato nd\u00ebrhyrje q\u00eb (1) d\u00ebmtojn\u00eb me shum\u00eb vij\u00ebn bregdetare, (2) kan\u00eb pasoja me t\u00eb m\u00ebdha per ekologjike e zon\u00ebs, dhe (3) d\u00ebmtojn\u00eb afatgjat\u00eb dinamik\u00ebn e brigjeve.<\/p>\n<p>Ndaj nd\u00ebrtimet n\u00eb tok\u00eb pran\u00eb bregdetit jan\u00eb demtim i mjedisit, por kurrkund n\u00eb krahasim me nd\u00ebrhyrjet BRENDA n\u00eb det ose n\u00eb liqen.<\/p>\n<p>Foto e par\u00eb \u00ebsht\u00eb ng\u00eb nd\u00ebrtimet e dhjetera pontileve ne det (veper penale!) dhe nuk mjafton pontili por edhe lokal maj\u00eb pontilit!<\/p>\n<p>Thuhet q\u00eb e ben bodigardi i Ram\u00ebs. Ligji qenka i ndrysh\u00ebm p\u00ebr persona t\u00eb ndrysh\u00ebm? Pse nuk fillon urgjentisht me heqjen e pontileve q\u00eb d\u00ebmtojne dinamiken e brigjeve? Fotot e tjera jan\u00eb nga kafshimi i Liqenit t\u00eb Shkodr\u00ebs!<\/p>\n<p>Jane\u0308 fute\u0308 tu mush Liqenin rreth 50-60 ml me inerte. Me sy rreth 3-4 mije\u0308 m3 inerte jane\u0308 hedhe ne\u0308 pasqyre\u0308n e Liqenit.<\/p>\n<p>Ku shteti? Ku Rama? Ku fasada? Ku inspektoriatet? Ku dallimi mes partise dhe shtetit? \ud83e\udd2e<\/p>\n<p>Operacioni i fundit eshte perpjekje e Edi Rames per te grabit toka dhe jo perpjekje per te shpetuar mjedisin apo vijen bregdetare.<\/p>\n<p><img loading=\"lazy\" decoding=\"async\" class=\"alignnone size-medium wp-image-187394\" src=\"https:\/\/zjarr.tv\/wp-content\/uploads\/2021\/06\/196907151_10158971532723190_1970833978140146430_n-231x300.jpg\" alt=\"\" width=\"231\" height=\"300\" srcset=\"https:\/\/zjarr.tv\/wp-content\/uploads\/2021\/06\/196907151_10158971532723190_1970833978140146430_n-231x300.jpg 231w, https:\/\/zjarr.tv\/wp-content\/uploads\/2021\/06\/196907151_10158971532723190_1970833978140146430_n-696x904.jpg 696w, https:\/\/zjarr.tv\/wp-content\/uploads\/2021\/06\/196907151_10158971532723190_1970833978140146430_n-323x420.jpg 323w, https:\/\/zjarr.tv\/wp-content\/uploads\/2021\/06\/196907151_10158971532723190_1970833978140146430_n.jpg 739w\" sizes=\"auto, (max-width: 231px) 100vw, 231px\" \/> <img loading=\"lazy\" decoding=\"async\" class=\"alignnone size-medium wp-image-187395\" src=\"https:\/\/zjarr.tv\/wp-content\/uploads\/2021\/06\/197898393_10158971532673190_6880487502596117128_n-202x300.jpg\" alt=\"\" width=\"202\" height=\"300\" srcset=\"https:\/\/zjarr.tv\/wp-content\/uploads\/2021\/06\/197898393_10158971532673190_6880487502596117128_n-202x300.jpg 202w, https:\/\/zjarr.tv\/wp-content\/uploads\/2021\/06\/197898393_10158971532673190_6880487502596117128_n-283x420.jpg 283w, https:\/\/zjarr.tv\/wp-content\/uploads\/2021\/06\/197898393_10158971532673190_6880487502596117128_n.jpg 403w\" sizes=\"auto, (max-width: 202px) 100vw, 202px\" \/> <img loading=\"lazy\" decoding=\"async\" class=\"alignnone size-medium wp-image-187396\" src=\"https:\/\/zjarr.tv\/wp-content\/uploads\/2021\/06\/197423851_10158971532638190_4080665685946457987_n-300x228.jpg\" alt=\"\" width=\"300\" height=\"228\" srcset=\"https:\/\/zjarr.tv\/wp-content\/uploads\/2021\/06\/197423851_10158971532638190_4080665685946457987_n-300x228.jpg 300w, https:\/\/zjarr.tv\/wp-content\/uploads\/2021\/06\/197423851_10158971532638190_4080665685946457987_n-554x420.jpg 554w, https:\/\/zjarr.tv\/wp-content\/uploads\/2021\/06\/197423851_10158971532638190_4080665685946457987_n-80x60.jpg 80w, https:\/\/zjarr.tv\/wp-content\/uploads\/2021\/06\/197423851_10158971532638190_4080665685946457987_n.jpg 600w\" sizes=\"auto, (max-width: 300px) 100vw, 300px\" \/><\/p>\n","protected":false},"excerpt":{"rendered":"<p>Kreu i departamentit t\u00eb Mjedisit n\u00eb PD,Abi Malltezi ka denoncuar n\u00eb rrjetin social Facebook se \u00a0n\u00ebse qeveria do t\u00eb ishte serioze me bregdetin do t\u00eb merrej me nd\u00ebrhyrjet t\u00eb cilat prekin vijen bregdetare t\u00eb cilat sjellin pasoja afatgjat\u00eb p\u00ebr ekologjin\u00eb. Postimi i plot\u00eb N\u00ebse Qeveria do ishte serioze me bregdetin do prishte ato nd\u00ebrhyrje q\u00eb [&hellip;]<\/p>\n","protected":false},"author":2031,"featured_media":187397,"comment_status":"closed","ping_status":"closed","sticky":false,"template":"","format":"standard","meta":{"footnotes":""},"categories":[231],"tags":[],"class_list":{"0":"post-187391","1":"post","2":"type-post","3":"status-publish","4":"format-standard","5":"has-post-thumbnail","7":"category-lajme"},"_links":{"self":[{"href":"https:\/\/zjarr.tv\/sq\/wp-json\/wp\/v2\/posts\/187391","targetHints":{"allow":["GET"]}}],"collection":[{"href":"https:\/\/zjarr.tv\/sq\/wp-json\/wp\/v2\/posts"}],"about":[{"href":"https:\/\/zjarr.tv\/sq\/wp-json\/wp\/v2\/types\/post"}],"author":[{"embeddable":true,"href":"https:\/\/zjarr.tv\/sq\/wp-json\/wp\/v2\/users\/2031"}],"replies":[{"embeddable":true,"href":"https:\/\/zjarr.tv\/sq\/wp-json\/wp\/v2\/comments?post=187391"}],"version-history":[{"count":0,"href":"https:\/\/zjarr.tv\/sq\/wp-json\/wp\/v2\/posts\/187391\/revisions"}],"wp:featuredmedia":[{"embeddable":true,"href":"https:\/\/zjarr.tv\/sq\/wp-json\/wp\/v2\/media\/187397"}],"wp:attachment":[{"href":"https:\/\/zjarr.tv\/sq\/wp-json\/wp\/v2\/media?parent=187391"}],"wp:term":[{"taxonomy":"category","embeddable":true,"href":"https:\/\/zjarr.tv\/sq\/wp-json\/wp\/v2\/categories?post=187391"},{"taxonomy":"post_tag","embeddable":true,"href":"https:\/\/zjarr.tv\/sq\/wp-json\/wp\/v2\/tags?post=187391"}],"curies":[{"name":"wp","href":"https:\/\/api.w.org\/{rel}","templated":true}]}}