{"id":187402,"date":"2021-06-08T19:21:59","date_gmt":"2021-06-08T17:21:59","guid":{"rendered":"https:\/\/zjarr.tv\/?p=187402"},"modified":"2021-06-08T19:21:59","modified_gmt":"2021-06-08T17:21:59","slug":"nje-tjeter-deputete-e-ps-se-i-bashkohet-frontit-kunder-dritan-lelit-kur-besimi-me-qytetaret-thyhet-cfare-mbetet-akoma","status":"publish","type":"post","link":"https:\/\/zjarr.tv\/sq\/nje-tjeter-deputete-e-ps-se-i-bashkohet-frontit-kunder-dritan-lelit-kur-besimi-me-qytetaret-thyhet-cfare-mbetet-akoma\/","title":{"rendered":"Nj\u00eb tjet\u00ebr deputete e PS-s\u00eb i bashkohet \u201cfrontit\u201d kund\u00ebr Dritan Lelit: Kur besimi me qytetar\u00ebt thyhet, \u00e7far\u00eb mbetet akoma?"},"content":{"rendered":"<p>Lufta mes deputet\u00ebve socialist\u00eb dhe kryebashkiakut t\u00eb Vlor\u00ebs, Dritan Leli, ssa vjen dhe b\u00ebhet m\u00eb e ashp\u00ebr. Refuzimi q\u00eb Leli i b\u00ebri kryeministrit Rama p\u00ebr t\u00eb kandiduar p\u00ebr deputet n\u00eb qarkun e Vlor\u00ebs, ka b\u00ebr\u00eb q\u00eb e gjith\u00eb Partia Socialiste t\u00eb dal\u00eb kund\u00ebr tij.<\/p>\n<p>Sulmeve t\u00eb djeshme t\u00eb Vilma Bellos dhe Fate Velaj u \u00ebsht\u00eb bashkuar dit\u00ebn e sotme edhe deputetja e zgejdhur e PS-s\u00eb n\u00eb Vlor\u00eb, Pranvera Resulaj, e cila kryesonte list\u00ebn e socialist\u00ebve n\u00eb k\u00ebt\u00eb qark. N\u00eb nj\u00eb postim n\u00eb rrjetet sociale ajo shkruan se \u00e7do gj\u00eb nd\u00ebrtohet mbi besimin, por asgj\u00eb nuk mbetet kur thyhet besimi me qytetar\u00ebt.<\/p>\n<p>Nj\u00eb fjali q\u00eb i drejtohet Dritan Lelit, teksa Resulaj shton se Vlora meriton m\u00eb shum\u00eb.<\/p>\n<p>\u201cKur shumica mendon se gj\u00ebrat nuk shkojn\u00eb mir\u00eb \u00ebsht\u00eb koha p\u00ebr reflektim! Kur p\u00ebrfundimi \u00ebsht\u00eb se \u00ebsht\u00eb gabuar, \u00ebsht\u00eb tep\u00ebr von\u00eb p\u00ebr barr\u00ebn e fajit! N\u00eb jet\u00eb \u00e7do gj\u00eb nd\u00ebrtohet s\u00eb pari mbi nj\u00eb marrdh\u00ebnie besimi, dhe kur besimi thyhet me qytetar\u00ebt \u00e7far\u00eb mbetet akoma!!<\/p>\n<p>Ne jemi thjesht emra!<\/p>\n<p>Vlora \u00ebsht\u00eb ajo q\u00eb mbetet dhe meriton m\u00eb shum\u00eb\u201d, shkruan Resulaj.<\/p>\n","protected":false},"excerpt":{"rendered":"<p>Lufta mes deputet\u00ebve socialist\u00eb dhe kryebashkiakut t\u00eb Vlor\u00ebs, Dritan Leli, ssa vjen dhe b\u00ebhet m\u00eb e ashp\u00ebr. Refuzimi q\u00eb Leli i b\u00ebri kryeministrit Rama p\u00ebr t\u00eb kandiduar p\u00ebr deputet n\u00eb qarkun e Vlor\u00ebs, ka b\u00ebr\u00eb q\u00eb e gjith\u00eb Partia Socialiste t\u00eb dal\u00eb kund\u00ebr tij. Sulmeve t\u00eb djeshme t\u00eb Vilma Bellos dhe Fate Velaj u \u00ebsht\u00eb [&hellip;]<\/p>\n","protected":false},"author":2031,"featured_media":187403,"comment_status":"closed","ping_status":"closed","sticky":false,"template":"","format":"standard","meta":{"footnotes":""},"categories":[231],"tags":[312,3499,3658,458],"class_list":{"0":"post-187402","1":"post","2":"type-post","3":"status-publish","4":"format-standard","5":"has-post-thumbnail","7":"category-lajme","8":"tag-lajme","9":"tag-leli","10":"tag-resulaj","11":"tag-zjarrtv"},"_links":{"self":[{"href":"https:\/\/zjarr.tv\/sq\/wp-json\/wp\/v2\/posts\/187402","targetHints":{"allow":["GET"]}}],"collection":[{"href":"https:\/\/zjarr.tv\/sq\/wp-json\/wp\/v2\/posts"}],"about":[{"href":"https:\/\/zjarr.tv\/sq\/wp-json\/wp\/v2\/types\/post"}],"author":[{"embeddable":true,"href":"https:\/\/zjarr.tv\/sq\/wp-json\/wp\/v2\/users\/2031"}],"replies":[{"embeddable":true,"href":"https:\/\/zjarr.tv\/sq\/wp-json\/wp\/v2\/comments?post=187402"}],"version-history":[{"count":0,"href":"https:\/\/zjarr.tv\/sq\/wp-json\/wp\/v2\/posts\/187402\/revisions"}],"wp:featuredmedia":[{"embeddable":true,"href":"https:\/\/zjarr.tv\/sq\/wp-json\/wp\/v2\/media\/187403"}],"wp:attachment":[{"href":"https:\/\/zjarr.tv\/sq\/wp-json\/wp\/v2\/media?parent=187402"}],"wp:term":[{"taxonomy":"category","embeddable":true,"href":"https:\/\/zjarr.tv\/sq\/wp-json\/wp\/v2\/categories?post=187402"},{"taxonomy":"post_tag","embeddable":true,"href":"https:\/\/zjarr.tv\/sq\/wp-json\/wp\/v2\/tags?post=187402"}],"curies":[{"name":"wp","href":"https:\/\/api.w.org\/{rel}","templated":true}]}}