{"id":187412,"date":"2021-06-08T19:39:17","date_gmt":"2021-06-08T17:39:17","guid":{"rendered":"https:\/\/zjarr.tv\/?p=187412"},"modified":"2021-06-08T19:39:17","modified_gmt":"2021-06-08T17:39:17","slug":"nje-aksident-i-shumefishte-u-regjistrua-pasditen-e-sotme-ne-mbikalimin-e-saukut","status":"publish","type":"post","link":"https:\/\/zjarr.tv\/sq\/nje-aksident-i-shumefishte-u-regjistrua-pasditen-e-sotme-ne-mbikalimin-e-saukut\/","title":{"rendered":"Nj\u00eb aksident i shum\u00ebfisht\u00eb u regjistrua pasditen e sotme n\u00eb mbikalimin e Saukut."},"content":{"rendered":"<p>Sipas informacioneve paraprake nga policia, n\u00eb k\u00ebt\u00eb aksident jan\u00eb p\u00ebrfshir\u00eb 5 makina ku ka mbetur e plagosur nj\u00eb 28-vje\u00e7are.<\/p>\n<p>E reja me iniciale I.D. \u00ebsht\u00eb d\u00ebrguar n\u00eb spital ku aktualisht ndodhet jasht\u00eb rrezikut p\u00ebr jet\u00ebn.<\/p>\n<p>\u201cTek mbikalimi i Saukut, jan\u00eb p\u00ebrfshir\u00eb n\u00eb p\u00ebrplasje 5 mjete. Si pasoj\u00eb \u00ebsht\u00eb d\u00ebmtuar nj\u00ebra prej drejtuesve t\u00eb mjeteve shtetasja I. D., rreth 28 vje\u00e7e, e cila u d\u00ebrgua n\u00eb spital dhe ndodhet jasht\u00eb rrezikut p\u00ebr jet\u00ebn\u201d \u2013 njofton policia.<\/p>\n<p>Blute e kryeqytetit kane shkuar n\u00eb vendngjarje p\u00ebr t\u00eb b\u00ebr\u00eb zbardhjen e plot\u00eb t\u00eb aksidentit<\/p>\n","protected":false},"excerpt":{"rendered":"<p>Sipas informacioneve paraprake nga policia, n\u00eb k\u00ebt\u00eb aksident jan\u00eb p\u00ebrfshir\u00eb 5 makina ku ka mbetur e plagosur nj\u00eb 28-vje\u00e7are. E reja me iniciale I.D. \u00ebsht\u00eb d\u00ebrguar n\u00eb spital ku aktualisht ndodhet jasht\u00eb rrezikut p\u00ebr jet\u00ebn. \u201cTek mbikalimi i Saukut, jan\u00eb p\u00ebrfshir\u00eb n\u00eb p\u00ebrplasje 5 mjete. Si pasoj\u00eb \u00ebsht\u00eb d\u00ebmtuar nj\u00ebra prej drejtuesve t\u00eb mjeteve shtetasja [&hellip;]<\/p>\n","protected":false},"author":2031,"featured_media":187413,"comment_status":"closed","ping_status":"closed","sticky":false,"template":"","format":"standard","meta":{"footnotes":""},"categories":[231],"tags":[],"class_list":{"0":"post-187412","1":"post","2":"type-post","3":"status-publish","4":"format-standard","5":"has-post-thumbnail","7":"category-lajme"},"_links":{"self":[{"href":"https:\/\/zjarr.tv\/sq\/wp-json\/wp\/v2\/posts\/187412","targetHints":{"allow":["GET"]}}],"collection":[{"href":"https:\/\/zjarr.tv\/sq\/wp-json\/wp\/v2\/posts"}],"about":[{"href":"https:\/\/zjarr.tv\/sq\/wp-json\/wp\/v2\/types\/post"}],"author":[{"embeddable":true,"href":"https:\/\/zjarr.tv\/sq\/wp-json\/wp\/v2\/users\/2031"}],"replies":[{"embeddable":true,"href":"https:\/\/zjarr.tv\/sq\/wp-json\/wp\/v2\/comments?post=187412"}],"version-history":[{"count":0,"href":"https:\/\/zjarr.tv\/sq\/wp-json\/wp\/v2\/posts\/187412\/revisions"}],"wp:featuredmedia":[{"embeddable":true,"href":"https:\/\/zjarr.tv\/sq\/wp-json\/wp\/v2\/media\/187413"}],"wp:attachment":[{"href":"https:\/\/zjarr.tv\/sq\/wp-json\/wp\/v2\/media?parent=187412"}],"wp:term":[{"taxonomy":"category","embeddable":true,"href":"https:\/\/zjarr.tv\/sq\/wp-json\/wp\/v2\/categories?post=187412"},{"taxonomy":"post_tag","embeddable":true,"href":"https:\/\/zjarr.tv\/sq\/wp-json\/wp\/v2\/tags?post=187412"}],"curies":[{"name":"wp","href":"https:\/\/api.w.org\/{rel}","templated":true}]}}