{"id":187419,"date":"2021-06-09T07:48:53","date_gmt":"2021-06-09T05:48:53","guid":{"rendered":"https:\/\/zjarr.tv\/?p=187419"},"modified":"2021-06-09T07:48:53","modified_gmt":"2021-06-09T05:48:53","slug":"joe-biden-nxjerr-urdher-ekzekutiv-bllokim-pronash-dhe-ndalim-i-hyrjes-ne-shba-ne-liste-edhe-zyrtaret-ne-shqiperi","status":"publish","type":"post","link":"https:\/\/zjarr.tv\/sq\/joe-biden-nxjerr-urdher-ekzekutiv-bllokim-pronash-dhe-ndalim-i-hyrjes-ne-shba-ne-liste-edhe-zyrtaret-ne-shqiperi\/","title":{"rendered":"Joe Biden nxjerr urdh\u00ebr ekzekutiv: Bllokim pronash dhe ndalim i hyrjes n\u00eb SHBA, n\u00eb list\u00eb edhe zyrtar\u00ebt n\u00eb Shqip\u00ebri\u2026"},"content":{"rendered":"<p style=\"line-height: 17.65pt; vertical-align: baseline;\"><span style=\"color: #464343;\">Nj\u00eb urdh\u00ebr i firmosur nga Presidenti Amerikan Joe Biden, urdh\u00ebron bllokimin e t\u00eb gjitha pronave q\u00eb posedohen brenda territorit amerikan dhe ndalimin e hyrjes n\u00eb vend, t\u00eb atyre personave q\u00eb ndikojn\u00eb n\u00eb destabilizimin e situat\u00ebs n\u00eb vendet e Ballkanit Per\u00ebndimor.<\/span><\/p>\n<p style=\"line-height: 17.65pt; vertical-align: baseline;\"><span style=\"color: #464343;\">N\u00eb letr\u00ebn q\u00eb Biden i d\u00ebrgon Senatit dhe Kongresit,\u00a0b\u00ebhet fjal\u00eb p\u00ebr ndryshimin e nj\u00eb dekreti t\u00eb Qershorit 2001, q\u00eb i referohej ish-Jugosllavis\u00eb. Tashm\u00eb n\u00eb k\u00ebt\u00eb dekret do t\u00eb jet\u00eb e p\u00ebrfshir\u00eb dhe Shqip\u00ebria.<\/span><\/p>\n<p style=\"line-height: 17.65pt; vertical-align: baseline;\"><span style=\"color: #464343;\">\u201cN\u00eb kuad\u00ebr t\u00eb situat\u00ebs n\u00eb territorin e ish-Federat\u00ebs Socialiste t\u00eb Republik\u00ebs s\u00eb Jugosllavis\u00eb dhe Republik\u00ebs s\u00eb Shqip\u00ebris\u00eb n\u00eb dy dekadat e fundit, p\u00ebrfshi cenimin e marr\u00ebveshjeve t\u00eb pasluft\u00ebs si dhe institucioneve pas shp\u00ebrb\u00ebrjes s\u00eb ish-Jugosllavis\u00eb, si dhe p\u00ebrhapja e gjer\u00eb midis qeverive dhe institucioneve t\u00eb ndryshme n\u00eb Ballkanin Per\u00ebndimor d\u00ebmton progresin kundrejt qeverisjes efektive dhe demokratike, integrimin e plot\u00eb drejt institucioneve transatlantike dhe k\u00ebsisoj \u00ebsht\u00eb nj\u00eb kr\u00ebc\u00ebnim i jasht\u00ebzakonsh\u00ebm ndaj siguris\u00eb komb\u00ebtare dhe politikave t\u00eb jashtme t\u00eb Shteteve t\u00eb Bashkuara\u201d, thuhet n\u00eb letr\u00ebn e Biden.<\/span><\/p>\n<p style=\"line-height: 17.65pt; vertical-align: baseline;\"><span style=\"color: #464343;\">Sipas urdhrit, parashikohet q\u00eb t\u00eb gjitha pronat dhe t\u00eb ardhurat e pronave q\u00eb ndodhen n\u00eb SHBA, apo q\u00eb jan\u00eb n\u00eb posedim t\u00eb personave n\u00eb SHBA, bllokohen dhe nuk mund t\u00eb transferohen, eksportohen, apo t\u00ebrhiqen.<\/span><\/p>\n","protected":false},"excerpt":{"rendered":"<p>Nj\u00eb urdh\u00ebr i firmosur nga Presidenti Amerikan Joe Biden, urdh\u00ebron bllokimin e t\u00eb gjitha pronave q\u00eb posedohen brenda territorit amerikan dhe ndalimin e hyrjes n\u00eb vend, t\u00eb atyre personave q\u00eb ndikojn\u00eb n\u00eb destabilizimin e situat\u00ebs n\u00eb vendet e Ballkanit Per\u00ebndimor. N\u00eb letr\u00ebn q\u00eb Biden i d\u00ebrgon Senatit dhe Kongresit,\u00a0b\u00ebhet fjal\u00eb p\u00ebr ndryshimin e nj\u00eb dekreti [&hellip;]<\/p>\n","protected":false},"author":2016,"featured_media":187421,"comment_status":"closed","ping_status":"closed","sticky":false,"template":"","format":"standard","meta":{"footnotes":""},"categories":[191],"tags":[3660],"class_list":{"0":"post-187419","1":"post","2":"type-post","3":"status-publish","4":"format-standard","5":"has-post-thumbnail","7":"category-bota","8":"tag-lajme-zjarr-biden-nxjerr-urdher-ekzekutiv-zjarr-tv"},"_links":{"self":[{"href":"https:\/\/zjarr.tv\/sq\/wp-json\/wp\/v2\/posts\/187419","targetHints":{"allow":["GET"]}}],"collection":[{"href":"https:\/\/zjarr.tv\/sq\/wp-json\/wp\/v2\/posts"}],"about":[{"href":"https:\/\/zjarr.tv\/sq\/wp-json\/wp\/v2\/types\/post"}],"author":[{"embeddable":true,"href":"https:\/\/zjarr.tv\/sq\/wp-json\/wp\/v2\/users\/2016"}],"replies":[{"embeddable":true,"href":"https:\/\/zjarr.tv\/sq\/wp-json\/wp\/v2\/comments?post=187419"}],"version-history":[{"count":0,"href":"https:\/\/zjarr.tv\/sq\/wp-json\/wp\/v2\/posts\/187419\/revisions"}],"wp:featuredmedia":[{"embeddable":true,"href":"https:\/\/zjarr.tv\/sq\/wp-json\/wp\/v2\/media\/187421"}],"wp:attachment":[{"href":"https:\/\/zjarr.tv\/sq\/wp-json\/wp\/v2\/media?parent=187419"}],"wp:term":[{"taxonomy":"category","embeddable":true,"href":"https:\/\/zjarr.tv\/sq\/wp-json\/wp\/v2\/categories?post=187419"},{"taxonomy":"post_tag","embeddable":true,"href":"https:\/\/zjarr.tv\/sq\/wp-json\/wp\/v2\/tags?post=187419"}],"curies":[{"name":"wp","href":"https:\/\/api.w.org\/{rel}","templated":true}]}}