{"id":187422,"date":"2021-06-09T08:01:43","date_gmt":"2021-06-09T06:01:43","guid":{"rendered":"https:\/\/zjarr.tv\/?p=187422"},"modified":"2021-06-09T08:01:43","modified_gmt":"2021-06-09T06:01:43","slug":"yuri-kim-takon-artan-lamen-me-gjykata-te-pastra-dhe-procese-transparente-ligji-per-regjistrimin-e-pronave-do-te-kete-nje-progres-edhe-me-te-madh","status":"publish","type":"post","link":"https:\/\/zjarr.tv\/sq\/yuri-kim-takon-artan-lamen-me-gjykata-te-pastra-dhe-procese-transparente-ligji-per-regjistrimin-e-pronave-do-te-kete-nje-progres-edhe-me-te-madh\/","title":{"rendered":"Yuri Kim takon Artan Lamen: Me Gjykata t\u00eb pastra dhe procese transparente, ligji p\u00ebr regjistrimin e pronave, do t\u00eb ket\u00eb nj\u00eb progres edhe m\u00eb t\u00eb madh\u2026"},"content":{"rendered":"<p>Dit\u00ebn e djeshme, ambasadorja amerikane Yuri Kim, \u00ebsht\u00eb takuar me drejtorin e Agjencis\u00eb Shtet\u00ebrore t\u00eb Kadastr\u00ebs, Artan Lame.<\/p>\n<p>N\u00ebp\u00ebrmjet nj\u00eb postimi n\u00eb \u201cTwitter\u201d, Kim shkruan se; n\u00eb fokus t\u00eb diskutimeve, ishte progresi i b\u00ebr\u00eb nj\u00eb vit pas kalimit t\u00eb ligjit p\u00ebr regjistrimin e pronave, p\u00ebrfshir\u00eb k\u00ebtu edhe tokat bujq\u00ebsore.<\/p>\n<p>Gjithashtu, Ambasadorja thekson se me gjykata t\u00eb pastra dhe procese transparent, ligji p\u00ebr regjistrimin e pronave, do t\u00eb ket\u00eb nj\u00eb progres edhe m\u00eb t\u00eb madh nga sa ka aktualisht.<\/p>\n<p><em style=\"font-weight: inherit;\">\u00a0\u201cSot u takova me Drejtorin e Agjencis\u00eb Kadastrale Artan Lame p\u00ebr t\u00eb diskutuar progresin e b\u00ebr\u00eb n\u00eb nj\u00eb vit q\u00eb nga miratimi i ligjit p\u00ebr regjistrimin e pron\u00ebs, p\u00ebrfshir\u00eb tok\u00ebn bujq\u00ebsore. Un\u00eb theksova r\u00ebnd\u00ebsin\u00eb e transparenc\u00ebs n\u00eb procese dhe inkurajova p\u00ebrpjekjet p\u00ebr t\u00eb zgjidhur \u00e7\u00ebshtje t\u00eb v\u00ebshtira. Ligje dhe rregulla t\u00eb qarta, procese transparente dhe gjykata t\u00eb pastra do t\u00eb t\u00ebrheqin investime amerikane m\u00eb t\u00eb m\u00ebdha drejt Shqip\u00ebris\u00eb dhe do t\u00eb hapin mund\u00ebsi m\u00eb t\u00eb m\u00ebdha ekonomike p\u00ebr m\u00eb shum\u00eb njer\u00ebz, jo vet\u00ebm disa me mjete \u201cspeciale\u201d. Kjo \u00ebsht\u00eb lidhja midis reform\u00ebs n\u00eb drejt\u00ebsi dhe prosperitetit\u201d,<\/em>\u00a0shkruan Kim<\/p>\n<p>&nbsp;<\/p>\n","protected":false},"excerpt":{"rendered":"<p>Dit\u00ebn e djeshme, ambasadorja amerikane Yuri Kim, \u00ebsht\u00eb takuar me drejtorin e Agjencis\u00eb Shtet\u00ebrore t\u00eb Kadastr\u00ebs, Artan Lame. N\u00ebp\u00ebrmjet nj\u00eb postimi n\u00eb \u201cTwitter\u201d, Kim shkruan se; n\u00eb fokus t\u00eb diskutimeve, ishte progresi i b\u00ebr\u00eb nj\u00eb vit pas kalimit t\u00eb ligjit p\u00ebr regjistrimin e pronave, p\u00ebrfshir\u00eb k\u00ebtu edhe tokat bujq\u00ebsore. Gjithashtu, Ambasadorja thekson se me gjykata [&hellip;]<\/p>\n","protected":false},"author":2016,"featured_media":187424,"comment_status":"closed","ping_status":"closed","sticky":false,"template":"","format":"standard","meta":{"footnotes":""},"categories":[241],"tags":[3661],"class_list":{"0":"post-187422","1":"post","2":"type-post","3":"status-publish","4":"format-standard","5":"has-post-thumbnail","7":"category-aktualitet","8":"tag-lajme-zjarr-yuri-kim-takon-artan-lamen-zjarr-tv"},"_links":{"self":[{"href":"https:\/\/zjarr.tv\/sq\/wp-json\/wp\/v2\/posts\/187422","targetHints":{"allow":["GET"]}}],"collection":[{"href":"https:\/\/zjarr.tv\/sq\/wp-json\/wp\/v2\/posts"}],"about":[{"href":"https:\/\/zjarr.tv\/sq\/wp-json\/wp\/v2\/types\/post"}],"author":[{"embeddable":true,"href":"https:\/\/zjarr.tv\/sq\/wp-json\/wp\/v2\/users\/2016"}],"replies":[{"embeddable":true,"href":"https:\/\/zjarr.tv\/sq\/wp-json\/wp\/v2\/comments?post=187422"}],"version-history":[{"count":0,"href":"https:\/\/zjarr.tv\/sq\/wp-json\/wp\/v2\/posts\/187422\/revisions"}],"wp:featuredmedia":[{"embeddable":true,"href":"https:\/\/zjarr.tv\/sq\/wp-json\/wp\/v2\/media\/187424"}],"wp:attachment":[{"href":"https:\/\/zjarr.tv\/sq\/wp-json\/wp\/v2\/media?parent=187422"}],"wp:term":[{"taxonomy":"category","embeddable":true,"href":"https:\/\/zjarr.tv\/sq\/wp-json\/wp\/v2\/categories?post=187422"},{"taxonomy":"post_tag","embeddable":true,"href":"https:\/\/zjarr.tv\/sq\/wp-json\/wp\/v2\/tags?post=187422"}],"curies":[{"name":"wp","href":"https:\/\/api.w.org\/{rel}","templated":true}]}}