{"id":187425,"date":"2021-06-09T08:22:32","date_gmt":"2021-06-09T06:22:32","guid":{"rendered":"https:\/\/zjarr.tv\/?p=187425"},"modified":"2021-06-09T08:22:32","modified_gmt":"2021-06-09T06:22:32","slug":"nora-malaj-largohet-nga-politika-jam-nder-te-paktat-politikane-qe-i-kam-duart-e-pastra-misionin-tim-e-kam-mbyllur","status":"publish","type":"post","link":"https:\/\/zjarr.tv\/sq\/nora-malaj-largohet-nga-politika-jam-nder-te-paktat-politikane-qe-i-kam-duart-e-pastra-misionin-tim-e-kam-mbyllur\/","title":{"rendered":"Nora Malaj largohet nga politika: Jam nd\u00ebr t\u00eb paktat politikane q\u00eb i kam duart e pastra, misionin tim e kam mbyllur\u2026"},"content":{"rendered":"<p>Ish-deputetja e LSI-s\u00eb, Nora Malaj, ka deklaruar dit\u00ebn e djeshme, se e ka mbyllur misionin e saj n\u00eb politik\u00eb, duke paralaj\u00ebmruar edhe nj\u00eb largim nga skena politike n\u00eb vend.<\/p>\n<p>Ajo tha n\u00eb nj\u00eb intervist\u00eb n\u00eb Report Tv, kontributi i saj prej 20 vitesh n\u00eb politik\u00eb, ka qen\u00eb shum\u00eb luajal, nd\u00ebrsa shtoi se \u00ebsht\u00eb nj\u00eb nd\u00ebr t\u00eb paktat politikane, q\u00eb i ka duart e pastra dhe asnj\u00ebher\u00eb nuk e ka tradh\u00ebtuar misionin e saj.<\/p>\n<p>\u201cPolitika duhet t\u00eb jet\u00eb e ftoht\u00eb e drunjt\u00eb p\u00ebr t\u00eb b\u00ebr\u00eb nj\u00eb analiz\u00eb t\u00eb plot\u00eb. Deri m\u00eb tani jemi n\u00eb momentin e vler\u00ebsimit t\u00eb situat\u00ebs. Pas manipulimit zgjedhor po analizojm\u00eb t\u00eb gjith\u00eb sken\u00ebn. Misionin tim politik e kam mbyllur. Kontributi im prej 20 vitesh n\u00eb politik\u00eb ka qen\u00eb shum\u00eb luajal. Jam nd\u00ebr t\u00eb paktat politikane q\u00eb i kam duart e pastra dhe asnj\u00ebher\u00eb se kam tradh\u00ebtuar misionin tim. Politik\u00ebs i duhen njer\u00ebz me personalitet e t\u00eb guximsh\u00ebm. Shtatori do sjell\u00eb nj\u00eb qasje tjet\u00ebr t\u00eb vendimarrjes politike. E dua forc\u00ebn politike me t\u00eb cil\u00ebn \u00ebsht\u00eb themeluar dhe skam shanse ta quaj veten te anashkaluar nga kjo forc\u00eb. I dhash\u00eb mund\u00ebsit\u00eb e mia. Isha e 8 n\u00eb list\u00eb u vler\u00ebsova dhe s\u2019u votova\u201d, u shpreh Malaj.<\/p>\n","protected":false},"excerpt":{"rendered":"<p>Ish-deputetja e LSI-s\u00eb, Nora Malaj, ka deklaruar dit\u00ebn e djeshme, se e ka mbyllur misionin e saj n\u00eb politik\u00eb, duke paralaj\u00ebmruar edhe nj\u00eb largim nga skena politike n\u00eb vend. Ajo tha n\u00eb nj\u00eb intervist\u00eb n\u00eb Report Tv, kontributi i saj prej 20 vitesh n\u00eb politik\u00eb, ka qen\u00eb shum\u00eb luajal, nd\u00ebrsa shtoi se \u00ebsht\u00eb nj\u00eb nd\u00ebr [&hellip;]<\/p>\n","protected":false},"author":2016,"featured_media":187427,"comment_status":"closed","ping_status":"closed","sticky":false,"template":"","format":"standard","meta":{"footnotes":""},"categories":[241,1454],"tags":[3662],"class_list":{"0":"post-187425","1":"post","2":"type-post","3":"status-publish","4":"format-standard","5":"has-post-thumbnail","7":"category-aktualitet","8":"category-politike","9":"tag-lajme-zjarr-nora-malaj-largohet-nga-politika-zjarr-tv"},"_links":{"self":[{"href":"https:\/\/zjarr.tv\/sq\/wp-json\/wp\/v2\/posts\/187425","targetHints":{"allow":["GET"]}}],"collection":[{"href":"https:\/\/zjarr.tv\/sq\/wp-json\/wp\/v2\/posts"}],"about":[{"href":"https:\/\/zjarr.tv\/sq\/wp-json\/wp\/v2\/types\/post"}],"author":[{"embeddable":true,"href":"https:\/\/zjarr.tv\/sq\/wp-json\/wp\/v2\/users\/2016"}],"replies":[{"embeddable":true,"href":"https:\/\/zjarr.tv\/sq\/wp-json\/wp\/v2\/comments?post=187425"}],"version-history":[{"count":0,"href":"https:\/\/zjarr.tv\/sq\/wp-json\/wp\/v2\/posts\/187425\/revisions"}],"wp:featuredmedia":[{"embeddable":true,"href":"https:\/\/zjarr.tv\/sq\/wp-json\/wp\/v2\/media\/187427"}],"wp:attachment":[{"href":"https:\/\/zjarr.tv\/sq\/wp-json\/wp\/v2\/media?parent=187425"}],"wp:term":[{"taxonomy":"category","embeddable":true,"href":"https:\/\/zjarr.tv\/sq\/wp-json\/wp\/v2\/categories?post=187425"},{"taxonomy":"post_tag","embeddable":true,"href":"https:\/\/zjarr.tv\/sq\/wp-json\/wp\/v2\/tags?post=187425"}],"curies":[{"name":"wp","href":"https:\/\/api.w.org\/{rel}","templated":true}]}}