{"id":187431,"date":"2021-06-09T08:41:22","date_gmt":"2021-06-09T06:41:22","guid":{"rendered":"https:\/\/zjarr.tv\/?p=187431"},"modified":"2021-06-09T08:41:22","modified_gmt":"2021-06-09T06:41:22","slug":"joe-biden-leshoi-urdher-ekzekutiv-per-shqiperine-vjen-reagimi-i-blinken-te-perkushtuar-per-promovimin-e-demokracise-ne-ballkan","status":"publish","type":"post","link":"https:\/\/zjarr.tv\/sq\/joe-biden-leshoi-urdher-ekzekutiv-per-shqiperine-vjen-reagimi-i-blinken-te-perkushtuar-per-promovimin-e-demokracise-ne-ballkan\/","title":{"rendered":"Joe Biden l\u00ebshoi urdh\u00ebr-ekzekutiv p\u00ebr Shqip\u00ebrin\u00eb, vjen reagimi i Blinken: T\u00eb p\u00ebrkushtuar p\u00ebr promovimin e demokracis\u00eb n\u00eb Ballkan\u2026"},"content":{"rendered":"<p>Presidenti i SHBA, Joe Biden, ka firmosur dje (m\u00eb dat\u00eb 8 qershor 2021) urdhrin-ekzekutiv, i cili parashikon bllokimin e pasurive dhe jo vet\u00ebm, t\u00eb zyrtar\u00ebve t\u00eb korruptuar, apo dhe atyre q\u00eb c\u00ebnojn\u00eb me veprimet apo ligj\u00ebratat e tyre, mbar\u00ebvajtjen n\u00eb Ballkanin Per\u00ebndimor. N\u00eb lidhje me k\u00ebt\u00eb lajm t\u00eb bujsh\u00ebm, ka reaguar edhe Sekretari amerikan i Shtetit, Antony Blinken. Blinken, me an\u00eb t\u00eb nj\u00eb postimi n\u00eb rrjetet sociale shkruan se, SHBA-t\u00eb jan\u00eb t\u00eb p\u00ebrkushtuara p\u00ebr demokracin\u00eb n\u00eb Ballkanin Per\u00ebndimor. \u201cNe jemi t\u00eb p\u00ebrkushtuar p\u00ebr t\u00eb promovuar demokracin\u00eb, transparenc\u00ebn dhe llogaridh\u00ebnien n\u00eb t\u00eb gjith\u00eb Ballkanin Per\u00ebndimor, n\u00eb p\u00ebrputhje me standardet q\u00eb vendet e rajonit duhet t\u00eb plot\u00ebsojn\u00eb p\u00ebr t\u00eb p\u00ebrparuar n\u00eb rrug\u00ebn e tyre evropiane. Urdhri i sot\u00ebm ekzekutiv nj\u00eb mjet jet\u00ebsor drejt arritjes s\u00eb k\u00ebtij q\u00ebllimi t\u00eb p\u00ebrbashk\u00ebt\u201d, shkruan Blinken.<\/p>\n<p>&nbsp;<\/p>\n<p><strong>Pjesa e zbardhur nga urdhri i Joe Biden<\/strong><\/p>\n<p>E gjith\u00eb prona dhe interesat n\u00eb prona q\u00eb jan\u00eb n\u00eb Shtetet e Bashkuara, ose q\u00eb jan\u00eb ose vijn\u00eb m\u00eb tej n\u00eb posedim ose kontroll t\u00eb ndonj\u00eb personi (qytetari) t\u00eb Shteteve t\u00eb Bashkuara, t\u00eb personave t\u00eb m\u00ebposht\u00ebm, jan\u00eb t\u00eb bllokuara dhe nuk mund t\u00eb transferohen, paguhen, eksportohen, t\u00ebrhiqen, ose tregtohen ndryshe: \u00e7do person i p\u00ebrcaktuar nga Sekretari i Thesarit, n\u00eb konsultim me Sekretarin e Shtetit: (t\u00eb shpallurit non-grata) N\u00ebse je p\u00ebrgjegj\u00ebs ose bashk\u00ebpun\u00ebtor n\u00eb, ose t\u00eb p\u00ebrfshihesh drejtp\u00ebrdrejt ose indirekt n\u00eb veprime ose politika q\u00eb minojn\u00eb proceset demokratike ose institucionet n\u00eb Ballkanin Per\u00ebndimor;<\/p>\n<p>N\u00ebse je p\u00ebrgjegj\u00ebs ose bashk\u00ebpun\u00ebtor, ose t\u00eb p\u00ebrfshihesh drejtp\u00ebrdrejt ose indirekt n\u00eb korrupsionin n\u00eb lidhje me Ballkanin Per\u00ebndimor, p\u00ebrfshir\u00eb korrupsionin nga, n\u00eb em\u00ebr t\u00eb, ose t\u00eb lidhur me nj\u00eb qeveri n\u00eb Ballkanin Per\u00ebndimor, ose nj\u00eb zyrtar aktual ose ish-qeveritar n\u00eb \u00e7do nivel t\u00eb qeverisjes n\u00eb Ballkanin Per\u00ebndimor, t\u00eb tilla si keqp\u00ebrdorimi i pasurive publike, shpron\u00ebsimi i pasurive private p\u00ebr p\u00ebrfitime personale ose q\u00ebllime politike, ose ryshfet;<\/p>\n<p>N\u00ebse ka asistuar materialisht, sponsorizuar ose siguruar financiarisht, materiale ose mb\u00ebshtetje teknologjike, ose mallra ose sh\u00ebrbime p\u00ebr, ose n\u00eb mb\u00ebshtetje t\u00eb \u00e7do personi, prona dhe interesat e tij n\u00eb pron\u00eb jan\u00eb bllokuar n\u00eb p\u00ebrputhje me k\u00ebt\u00eb urdh\u00ebr;<\/p>\n<p>N\u00ebse \u00ebsht\u00eb n\u00eb pron\u00ebsi ose t\u00eb kontrollohet nga, ose t\u00eb ket\u00eb vepruar ose pretenduar t\u00eb veproj\u00eb p\u00ebr, ose n\u00eb em\u00ebr t\u00eb, drejtp\u00ebrdrejt ose indirekt, t\u00eb \u00e7do personi pasuria dhe interesat e tij n\u00eb pron\u00eb jan\u00eb bllokuar n\u00eb p\u00ebrputhje me k\u00ebt\u00eb urdh\u00ebr.<\/p>\n<p>&nbsp;<\/p>\n","protected":false},"excerpt":{"rendered":"<p>Presidenti i SHBA, Joe Biden, ka firmosur dje (m\u00eb dat\u00eb 8 qershor 2021) urdhrin-ekzekutiv, i cili parashikon bllokimin e pasurive dhe jo vet\u00ebm, t\u00eb zyrtar\u00ebve t\u00eb korruptuar, apo dhe atyre q\u00eb c\u00ebnojn\u00eb me veprimet apo ligj\u00ebratat e tyre, mbar\u00ebvajtjen n\u00eb Ballkanin Per\u00ebndimor. N\u00eb lidhje me k\u00ebt\u00eb lajm t\u00eb bujsh\u00ebm, ka reaguar edhe Sekretari amerikan i [&hellip;]<\/p>\n","protected":false},"author":2016,"featured_media":187433,"comment_status":"closed","ping_status":"closed","sticky":false,"template":"","format":"standard","meta":{"footnotes":""},"categories":[241],"tags":[3664],"class_list":{"0":"post-187431","1":"post","2":"type-post","3":"status-publish","4":"format-standard","5":"has-post-thumbnail","7":"category-aktualitet","8":"tag-lajme-zjarr-reagimi-i-blinken-zjarr-tv"},"_links":{"self":[{"href":"https:\/\/zjarr.tv\/sq\/wp-json\/wp\/v2\/posts\/187431","targetHints":{"allow":["GET"]}}],"collection":[{"href":"https:\/\/zjarr.tv\/sq\/wp-json\/wp\/v2\/posts"}],"about":[{"href":"https:\/\/zjarr.tv\/sq\/wp-json\/wp\/v2\/types\/post"}],"author":[{"embeddable":true,"href":"https:\/\/zjarr.tv\/sq\/wp-json\/wp\/v2\/users\/2016"}],"replies":[{"embeddable":true,"href":"https:\/\/zjarr.tv\/sq\/wp-json\/wp\/v2\/comments?post=187431"}],"version-history":[{"count":0,"href":"https:\/\/zjarr.tv\/sq\/wp-json\/wp\/v2\/posts\/187431\/revisions"}],"wp:featuredmedia":[{"embeddable":true,"href":"https:\/\/zjarr.tv\/sq\/wp-json\/wp\/v2\/media\/187433"}],"wp:attachment":[{"href":"https:\/\/zjarr.tv\/sq\/wp-json\/wp\/v2\/media?parent=187431"}],"wp:term":[{"taxonomy":"category","embeddable":true,"href":"https:\/\/zjarr.tv\/sq\/wp-json\/wp\/v2\/categories?post=187431"},{"taxonomy":"post_tag","embeddable":true,"href":"https:\/\/zjarr.tv\/sq\/wp-json\/wp\/v2\/tags?post=187431"}],"curies":[{"name":"wp","href":"https:\/\/api.w.org\/{rel}","templated":true}]}}