{"id":187435,"date":"2021-06-09T09:26:39","date_gmt":"2021-06-09T07:26:39","guid":{"rendered":"https:\/\/zjarr.tv\/?p=187435"},"modified":"2021-06-09T09:26:39","modified_gmt":"2021-06-09T07:26:39","slug":"ylli-manjani-shtanget-nga-ajo-qe-shikon-tek-diga-e-liqenit-ne-tirane-fillova-te-qaj-edhe-une","status":"publish","type":"post","link":"https:\/\/zjarr.tv\/sq\/ylli-manjani-shtanget-nga-ajo-qe-shikon-tek-diga-e-liqenit-ne-tirane-fillova-te-qaj-edhe-une\/","title":{"rendered":"Ylli Manjani shtanget nga ajo q\u00eb shikon tek diga e Liqenit n\u00eb Tiran\u00eb: Fillova t\u00eb qaj edhe un\u00eb\u2026"},"content":{"rendered":"<p>Ish-ministri i Drejt\u00ebsis\u00eb Ylli Manjani, \u00ebsht\u00eb shum\u00eb aktiv n\u00eb rrjetet sociale. Teksa komenton shpeshher\u00eb \u00e7\u00ebshtjet e politik\u00ebs, Manjani sot ka ndar\u00eb nj\u00eb histori tek diga e liqenit n\u00eb Tiran\u00eb. Ai shkruan se nj\u00eb n\u00ebn\u00eb goditi djalin e saj 5-vje\u00e7ar vet\u00ebm se pse u rr\u00ebzua.<\/p>\n<p><strong style=\"font-style: inherit;\">Reagimi i Manjanit:<\/strong><\/p>\n<p><em style=\"font-weight: inherit;\"> \u201cF\u00ebmija, rreth 5 vje\u00e7, po ecte krah me t\u00eb \u00ebm\u00ebn dhe nj\u00eb \u00e7ast rr\u00ebzohet. Diku u pengua dhe ra p\u00ebrmbys me duar e gjunj n\u00eb tok\u00eb n\u00eb nj\u00eb pellg t\u00eb vog\u00ebl me balt\u00eb. U b\u00eb \u00e7op\u00eb nga gjunj\u00ebt. Shputat e duarve plag\u00eb dhe me balt\u00eb.<\/em><\/p>\n<p><em style=\"font-weight: inherit;\">N\u00eb vijim ha edhe ca shpulla nga e \u00ebma s\u00eb bashku me ul\u00ebrim\u00ebn \u201cku i ke syt\u00eb\u201d..!!!!<\/em><\/p>\n<p><em style=\"font-weight: inherit;\">Fillova t\u00eb qaj edhe un\u00eb\u2026 Ky djal\u00eb v\u00ebshtir\u00eb t\u00eb b\u00ebhet!!!<\/em><\/p>\n<p><em style=\"font-weight: inherit;\">Pak minuta m\u00eb par\u00eb tek diga e liqenit e pash\u00eb k\u00ebt\u00eb ngjarje<\/em>.\u201d-shkruan Manjani.<\/p>\n<p>&nbsp;<\/p>\n","protected":false},"excerpt":{"rendered":"<p>Ish-ministri i Drejt\u00ebsis\u00eb Ylli Manjani, \u00ebsht\u00eb shum\u00eb aktiv n\u00eb rrjetet sociale. Teksa komenton shpeshher\u00eb \u00e7\u00ebshtjet e politik\u00ebs, Manjani sot ka ndar\u00eb nj\u00eb histori tek diga e liqenit n\u00eb Tiran\u00eb. Ai shkruan se nj\u00eb n\u00ebn\u00eb goditi djalin e saj 5-vje\u00e7ar vet\u00ebm se pse u rr\u00ebzua. Reagimi i Manjanit: \u201cF\u00ebmija, rreth 5 vje\u00e7, po ecte krah me [&hellip;]<\/p>\n","protected":false},"author":2016,"featured_media":187437,"comment_status":"closed","ping_status":"closed","sticky":false,"template":"","format":"standard","meta":{"footnotes":""},"categories":[241],"tags":[3665],"class_list":{"0":"post-187435","1":"post","2":"type-post","3":"status-publish","4":"format-standard","5":"has-post-thumbnail","7":"category-aktualitet","8":"tag-lajme-zjarr-manjani-fillova-te-qaj-edhe-une-zjarr-tv"},"_links":{"self":[{"href":"https:\/\/zjarr.tv\/sq\/wp-json\/wp\/v2\/posts\/187435","targetHints":{"allow":["GET"]}}],"collection":[{"href":"https:\/\/zjarr.tv\/sq\/wp-json\/wp\/v2\/posts"}],"about":[{"href":"https:\/\/zjarr.tv\/sq\/wp-json\/wp\/v2\/types\/post"}],"author":[{"embeddable":true,"href":"https:\/\/zjarr.tv\/sq\/wp-json\/wp\/v2\/users\/2016"}],"replies":[{"embeddable":true,"href":"https:\/\/zjarr.tv\/sq\/wp-json\/wp\/v2\/comments?post=187435"}],"version-history":[{"count":0,"href":"https:\/\/zjarr.tv\/sq\/wp-json\/wp\/v2\/posts\/187435\/revisions"}],"wp:featuredmedia":[{"embeddable":true,"href":"https:\/\/zjarr.tv\/sq\/wp-json\/wp\/v2\/media\/187437"}],"wp:attachment":[{"href":"https:\/\/zjarr.tv\/sq\/wp-json\/wp\/v2\/media?parent=187435"}],"wp:term":[{"taxonomy":"category","embeddable":true,"href":"https:\/\/zjarr.tv\/sq\/wp-json\/wp\/v2\/categories?post=187435"},{"taxonomy":"post_tag","embeddable":true,"href":"https:\/\/zjarr.tv\/sq\/wp-json\/wp\/v2\/tags?post=187435"}],"curies":[{"name":"wp","href":"https:\/\/api.w.org\/{rel}","templated":true}]}}