{"id":187444,"date":"2021-06-09T10:11:43","date_gmt":"2021-06-09T08:11:43","guid":{"rendered":"https:\/\/zjarr.tv\/?p=187444"},"modified":"2021-06-09T10:11:43","modified_gmt":"2021-06-09T08:11:43","slug":"kryeministri-i-hungarise-i-puth-doren-ministres-evis-kushi","status":"publish","type":"post","link":"https:\/\/zjarr.tv\/sq\/kryeministri-i-hungarise-i-puth-doren-ministres-evis-kushi\/","title":{"rendered":"Kryeministri i Hungaris\u00eb i puth dor\u00ebn Ministres Evis Kushi\u2026"},"content":{"rendered":"<p>Ministrja e Arsimit, Evis Kushi, ka publikuar dit\u00ebn e djeshme nj\u00eb foto shum\u00eb t\u00eb ve\u00e7ant\u00eb, duke e cil\u00ebsuar si \u201cfoto e dit\u00ebs\u201d, nj\u00eb term q\u00eb p\u00ebrdoret shpesh nga kreu i Qeveris\u00eb, Edi Rama.<\/p>\n<p>N\u00eb foto shihet Kryeministri i Hungaris\u00eb Viktor Orban, i cili me xhentiles\u00eb i merr dor\u00ebn Ministres p\u00ebr t\u2019ia puthur. Ajo e sheh me admirim dhe e ka pritur mjaft mir\u00eb k\u00ebt\u00eb veprim shum\u00eb fisnik.<\/p>\n<p>N\u00eb foto shihet Ministrja e Infrastruktur\u00ebs Belinda Balluku, e cila \u201cmban qendrim\u201d, por pa e fshehur k\u00ebnaq\u00ebsin\u00eb dhe entuziazmin e k\u00ebtij gjesti t\u00eb bukur. Edhe Ministrit t\u00eb Shtetit p\u00ebr rind\u00ebrtimin dhe pandemin\u00eb, Arben Ahmetajt, nuk i ka shp\u00ebtuar asgj\u00eb.<\/p>\n<p>Kryeministri i Shqip\u00ebris\u00eb Edi Rama, s\u00eb bashku me nj\u00eb pjes\u00eb t\u00eb kabinetit t\u00eb tij qeveritar, \u00ebsht\u00eb prej dy dit\u00ebsh n\u00eb nj\u00eb vizit\u00eb jasht\u00eb vendit, ku m\u00eb her\u00ebt ishte n\u00eb Hungari dhe s\u00eb fundmi n\u00eb Bullgari. Dje n\u00eb Hungari, u arrit\u00ebn disa marr\u00ebveshje mes dy vendeve, nd\u00ebrsa sot Ministrja e e Arsimit postoi k\u00ebt\u00eb foto t\u00eb bukur.<\/p>\n","protected":false},"excerpt":{"rendered":"<p>Ministrja e Arsimit, Evis Kushi, ka publikuar dit\u00ebn e djeshme nj\u00eb foto shum\u00eb t\u00eb ve\u00e7ant\u00eb, duke e cil\u00ebsuar si \u201cfoto e dit\u00ebs\u201d, nj\u00eb term q\u00eb p\u00ebrdoret shpesh nga kreu i Qeveris\u00eb, Edi Rama. N\u00eb foto shihet Kryeministri i Hungaris\u00eb Viktor Orban, i cili me xhentiles\u00eb i merr dor\u00ebn Ministres p\u00ebr t\u2019ia puthur. Ajo e sheh [&hellip;]<\/p>\n","protected":false},"author":2016,"featured_media":187446,"comment_status":"closed","ping_status":"closed","sticky":false,"template":"","format":"standard","meta":{"footnotes":""},"categories":[241],"tags":[3667],"class_list":{"0":"post-187444","1":"post","2":"type-post","3":"status-publish","4":"format-standard","5":"has-post-thumbnail","7":"category-aktualitet","8":"tag-lajme-zjarr-kryeministri-i-hungarise-i-puth-doren-ministres-zjarr-tv"},"_links":{"self":[{"href":"https:\/\/zjarr.tv\/sq\/wp-json\/wp\/v2\/posts\/187444","targetHints":{"allow":["GET"]}}],"collection":[{"href":"https:\/\/zjarr.tv\/sq\/wp-json\/wp\/v2\/posts"}],"about":[{"href":"https:\/\/zjarr.tv\/sq\/wp-json\/wp\/v2\/types\/post"}],"author":[{"embeddable":true,"href":"https:\/\/zjarr.tv\/sq\/wp-json\/wp\/v2\/users\/2016"}],"replies":[{"embeddable":true,"href":"https:\/\/zjarr.tv\/sq\/wp-json\/wp\/v2\/comments?post=187444"}],"version-history":[{"count":0,"href":"https:\/\/zjarr.tv\/sq\/wp-json\/wp\/v2\/posts\/187444\/revisions"}],"wp:featuredmedia":[{"embeddable":true,"href":"https:\/\/zjarr.tv\/sq\/wp-json\/wp\/v2\/media\/187446"}],"wp:attachment":[{"href":"https:\/\/zjarr.tv\/sq\/wp-json\/wp\/v2\/media?parent=187444"}],"wp:term":[{"taxonomy":"category","embeddable":true,"href":"https:\/\/zjarr.tv\/sq\/wp-json\/wp\/v2\/categories?post=187444"},{"taxonomy":"post_tag","embeddable":true,"href":"https:\/\/zjarr.tv\/sq\/wp-json\/wp\/v2\/tags?post=187444"}],"curies":[{"name":"wp","href":"https:\/\/api.w.org\/{rel}","templated":true}]}}