{"id":187447,"date":"2021-06-09T10:21:31","date_gmt":"2021-06-09T08:21:31","guid":{"rendered":"https:\/\/zjarr.tv\/?p=187447"},"modified":"2021-06-09T10:21:31","modified_gmt":"2021-06-09T08:21:31","slug":"gazetaret-proteste-perpara-parlamentit-te-terhiqen-nga-ky-vendim-po-na-izolojne-ne-bodrum","status":"publish","type":"post","link":"https:\/\/zjarr.tv\/sq\/gazetaret-proteste-perpara-parlamentit-te-terhiqen-nga-ky-vendim-po-na-izolojne-ne-bodrum\/","title":{"rendered":"Gazetar\u00ebt protest\u00eb p\u00ebrpara Parlamentit: T\u00eb t\u00ebrhiqen nga ky vendim, po na izolojn\u00eb n\u00eb bodrum\u2026"},"content":{"rendered":"<p>Gazetar\u00ebt e terrenit t\u00eb mediave n\u00eb vend, jan\u00eb mbledhur k\u00ebt\u00eb m\u00ebngjes p\u00ebrpara Parlamentit, n\u00eb shenj\u00eb proteste p\u00ebr t\u00eb kund\u00ebrshtuar vendimin e Byros\u00eb s\u00eb Kuvendit, q\u00eb p\u00ebrjashton k\u00ebta t\u00eb fundit t\u00eb marrin pjes\u00eb n\u00eb mbledhjet e Komisioneve Parlamentare.<\/p>\n<p>Gazetarja e ABC, Esiona Konomi, ka b\u00ebr\u00eb thirrje q\u00eb iniciator\u00ebt t\u00eb t\u00ebrhiqen nga ky vendim. Sipas gazetares kjo pengon pun\u00ebn e gazetar\u00ebve, duke theksuar se misioni i saj, \u00ebsht\u00eb t\u00eb transmetoj\u00eb gjith\u00e7ka q\u00eb sheh vet\u00eb dhe jo at\u00eb q\u00eb servir nj\u00eb institucion i caktuar shtet\u00ebror.<\/p>\n<p><em>\u201cAkreditimi do t\u00eb thot\u00eb barazi p\u00ebr t\u00eb gjith\u00eb. Do t\u00eb thot\u00eb q\u00eb dua t\u2019i shoh vet\u00eb ato q\u00eb transmetoj. Nd\u00ebrkoh\u00eb q\u00eb ne me k\u00ebt\u00eb vendim duhet t\u00eb izolohemi. Kam marr\u00eb telefonata t\u00eb ndryshojm\u00eb t\u00eb an\u00ebtar\u00ebve t\u00eb Byros\u00eb q\u00eb thon\u00eb se nuk kan\u00eb marr\u00eb pjes\u00eb n\u00eb k\u00ebt\u00eb, por ky nuk \u00ebsht\u00eb faji yn\u00eb sepse ata mund t\u00eb jen\u00eb duke g\u00ebnjyer. Nuk dua t\u00eb transmetoj di\u00e7ka t\u00eb kontrolluar nga nj\u00eb organ shtet\u00ebror. Dua t\u00eb trajtoj gjith\u00e7ka q\u00eb shoh vet\u00eb. I b\u00ebn thirrje maxhoranc\u00ebs q\u00eb t\u00eb t\u00ebrhiqet. Kjo nuk \u00ebsht\u00eb nj\u00eb betej\u00eb e imja personale, por p\u00ebr \u00e7do gazetar q\u00eb e ka k\u00ebt\u00eb si pun\u00eb dhe mision. \u00cbsht\u00eb p\u00ebr t\u00eb gjith\u00eb ata q\u00eb e besojn\u00eb fjal\u00ebn e lir\u00eb,\u201d<\/em>\u00a0u shpreh gazetarja.<\/p>\n<p>Gjithashtu, gazetari Juxhin Mustafaraj, ka b\u00ebr\u00eb thirrje q\u00eb institucioni i Kuvendit t\u00eb heq\u00eb dor\u00eb nga kjo nism\u00eb q\u00eb pengon pun\u00eb\u00a0e gazetar\u00ebve. Mustafaraj tha se kjo vendimarrje, \u00ebsht\u00eb marr\u00eb nga nj\u00eb grup deputet\u00ebsh pa u konsultuar nga gazetar\u00ebt, duke i pozicionuar k\u00ebta t\u00eb fundit n\u00eb nj\u00eb bodrum.<\/p>\n<p><em>\u201cP\u00ebr ta b\u00ebr\u00eb t\u00eb qart\u00eb, Byroja ka marr\u00eb nj\u00eb vendimarrje. K\u00ebtu \u00ebsht\u00eb vet\u00ebm finalja q\u00eb deputet\u00ebt vendosin sa i takon ligjeve. Byroja e Kuvendit ka vendosur q\u00eb me nj\u00eb vendimarrje t\u00eb pakonsultuar me gazetar\u00ebt kan\u00eb vendosur q\u00eb n\u00eb nj\u00eb bodrum t\u00eb Kuvendit t\u00eb vendosen disa televizione p\u00ebrmes regjis\u00eb. Nj\u00eb tjet\u00ebr vendim arbitra \u00ebsht\u00eb se secili prej gazetar\u00ebve q\u00eb k\u00ebrkon t\u00eb zhvilloj\u00eb intervista duhet t\u00eb marr\u00eb leje. Thirrja q\u00eb ne si gazetar\u00eb i b\u00ebjm\u00eb Kuvendit \u00ebsht\u00eb q\u00eb t\u00eb t\u00ebrhiqet nga kjo vendimarrje. Ne kemi hartuar edhe nj\u00eb shkres\u00eb dhe presim q\u00eb t\u00eb kemi nj\u00eb reflektim,\u201d<\/em> u shpreh Mustafaraj. Gazetari Osman Stafa, tha m\u00eb tej se n\u00ebse miratohet ky vendim, gazetar\u00ebt do t\u00eb gjenden n\u00eb nj\u00eb pozicion shum\u00eb t\u00eb v\u00ebshtir\u00eb dhe do t\u00eb humbasin misionin e tyre.<\/p>\n<p><em> \u201cKy \u00ebsht\u00eb misioni yn\u00eb n\u00ebse na mbyllet dhe kjo der\u00eb gjendemi n\u00eb nj\u00eb pozicion shum\u00eb t\u00eb v\u00ebshtir\u00eb. N\u00ebse materialet jan\u00eb t\u00eb gatshme dhe shkojn\u00eb m\u00eb media, \u00e7\u2019pun\u00eb ka gazetari m\u00eb? K\u00ebshtu nuk mund ta \u00e7ojm\u00eb p\u00ebrpara misionin ton\u00eb,<\/em>\u201d u shpreh ai.<\/p>\n<p>&nbsp;<\/p>\n","protected":false},"excerpt":{"rendered":"<p>Gazetar\u00ebt e terrenit t\u00eb mediave n\u00eb vend, jan\u00eb mbledhur k\u00ebt\u00eb m\u00ebngjes p\u00ebrpara Parlamentit, n\u00eb shenj\u00eb proteste p\u00ebr t\u00eb kund\u00ebrshtuar vendimin e Byros\u00eb s\u00eb Kuvendit, q\u00eb p\u00ebrjashton k\u00ebta t\u00eb fundit t\u00eb marrin pjes\u00eb n\u00eb mbledhjet e Komisioneve Parlamentare. Gazetarja e ABC, Esiona Konomi, ka b\u00ebr\u00eb thirrje q\u00eb iniciator\u00ebt t\u00eb t\u00ebrhiqen nga ky vendim. Sipas gazetares kjo [&hellip;]<\/p>\n","protected":false},"author":2016,"featured_media":187449,"comment_status":"closed","ping_status":"closed","sticky":false,"template":"","format":"standard","meta":{"footnotes":""},"categories":[241],"tags":[3668],"class_list":{"0":"post-187447","1":"post","2":"type-post","3":"status-publish","4":"format-standard","5":"has-post-thumbnail","7":"category-aktualitet","8":"tag-lajme-zjarr-gazetaret-ne-proteste-zjarr-tv"},"_links":{"self":[{"href":"https:\/\/zjarr.tv\/sq\/wp-json\/wp\/v2\/posts\/187447","targetHints":{"allow":["GET"]}}],"collection":[{"href":"https:\/\/zjarr.tv\/sq\/wp-json\/wp\/v2\/posts"}],"about":[{"href":"https:\/\/zjarr.tv\/sq\/wp-json\/wp\/v2\/types\/post"}],"author":[{"embeddable":true,"href":"https:\/\/zjarr.tv\/sq\/wp-json\/wp\/v2\/users\/2016"}],"replies":[{"embeddable":true,"href":"https:\/\/zjarr.tv\/sq\/wp-json\/wp\/v2\/comments?post=187447"}],"version-history":[{"count":0,"href":"https:\/\/zjarr.tv\/sq\/wp-json\/wp\/v2\/posts\/187447\/revisions"}],"wp:featuredmedia":[{"embeddable":true,"href":"https:\/\/zjarr.tv\/sq\/wp-json\/wp\/v2\/media\/187449"}],"wp:attachment":[{"href":"https:\/\/zjarr.tv\/sq\/wp-json\/wp\/v2\/media?parent=187447"}],"wp:term":[{"taxonomy":"category","embeddable":true,"href":"https:\/\/zjarr.tv\/sq\/wp-json\/wp\/v2\/categories?post=187447"},{"taxonomy":"post_tag","embeddable":true,"href":"https:\/\/zjarr.tv\/sq\/wp-json\/wp\/v2\/tags?post=187447"}],"curies":[{"name":"wp","href":"https:\/\/api.w.org\/{rel}","templated":true}]}}