{"id":187454,"date":"2021-06-09T10:49:08","date_gmt":"2021-06-09T08:49:08","guid":{"rendered":"https:\/\/zjarr.tv\/?p=187454"},"modified":"2021-06-09T10:49:08","modified_gmt":"2021-06-09T08:49:08","slug":"shkarkimi-i-metes-rama-kerkon-gjysme-ore-kohe-per-fjalimin-qe-do-mbaje","status":"publish","type":"post","link":"https:\/\/zjarr.tv\/sq\/shkarkimi-i-metes-rama-kerkon-gjysme-ore-kohe-per-fjalimin-qe-do-mbaje\/","title":{"rendered":"Shkarkimi i Met\u00ebs\/ Rama k\u00ebrkon gjysm\u00eb ore koh\u00eb p\u00ebr fjalimin q\u00eb do mbaj\u00eb\u2026"},"content":{"rendered":"<p>Ka nisur n\u00eb Kuvend seanca ku do t\u00eb vendoset p\u00ebr shkarkimin e Presidentit t\u00eb Ilir Meta, nd\u00ebrsa Kryeministri Edi Rama, jo vet\u00ebm q\u00eb do t\u00eb jet\u00eb i pranish\u00ebm, por do t\u00eb mbaj\u00eb dhe nj\u00eb fjalim prej 30 minutash. N\u00eb list\u00ebn e diskutant\u00ebve, Rama \u00ebsht\u00eb deputeti dhe p\u00ebrfaq\u00ebsuesi i qeveris\u00eb q\u00eb do t\u00eb ket\u00eb koh\u00ebn m\u00eb t\u00eb madhe n\u00eb dispozicion p\u00ebr t\u00eb folur.<\/p>\n<p>Ai \u00ebsht\u00eb kthyer sot nga nj\u00eb vizit\u00eb zyrtare n\u00eb Bullgari, ku m\u00ebsohet se ka zbritur n\u00eb Rinas m\u00ebngjesin e sot\u00ebm, ku gjat\u00eb rrug\u00ebs ka p\u00ebrgatitur dhe fjalimin p\u00ebr ish-aleatin e tij qeveris\u00ebs Ilir Meta, me t\u00eb cilin rrug\u00ebt politike duket se po ndahen p\u00ebrgjithmon\u00eb sot.<\/p>\n<p>N\u00eb nisje t\u00eb seanc\u00ebs \u00ebsht\u00eb kreu i komisionit hetimor p\u00ebr shkarkimin e Met\u00ebs, Alket Hyseni, ai q\u00eb po lexon gjetjet, si dhe shkeljet e kushtetut\u00ebs q\u00eb sipas tij, i ka b\u00ebr\u00eb Presidenti Kushtetut\u00ebs, me q\u00ebndrimet e tij.<\/p>\n<p>Sipas Komisionit, jan\u00eb rreth 30 shkelje t\u00eb r\u00ebnda q\u00eb Presidenti i ka b\u00ebr\u00eb Kushtetut\u00ebs, duke mos qen\u00eb i paansh\u00ebm n\u00eb muajin e fushat\u00ebs elektorale, ku pretendohet se ka b\u00ebr\u00eb thirrje dhe p\u00ebr dhnu\u00eb.<\/p>\n<p>Pavar\u00ebsisht votimit q\u00eb do t\u00eb b\u00ebhet sot n\u00eb Kuvend, do t\u00eb jet\u00eb Gjykata Kushtetuese ajo q\u00eb do t\u00eb thoj\u00eb fjal\u00ebn e fundit p\u00ebr shkarkimin e Met\u00ebs, nd\u00ebrkoh\u00eb q\u00eb vendimi pritet t\u00eb sjell\u00eb s\u00ebrish nj\u00eb ng\u00ebr\u00e7 dhe p\u00ebrplasje mes institucioneve.<\/p>\n<p>&nbsp;<\/p>\n<p>&nbsp;<\/p>\n","protected":false},"excerpt":{"rendered":"<p>Ka nisur n\u00eb Kuvend seanca ku do t\u00eb vendoset p\u00ebr shkarkimin e Presidentit t\u00eb Ilir Meta, nd\u00ebrsa Kryeministri Edi Rama, jo vet\u00ebm q\u00eb do t\u00eb jet\u00eb i pranish\u00ebm, por do t\u00eb mbaj\u00eb dhe nj\u00eb fjalim prej 30 minutash. N\u00eb list\u00ebn e diskutant\u00ebve, Rama \u00ebsht\u00eb deputeti dhe p\u00ebrfaq\u00ebsuesi i qeveris\u00eb q\u00eb do t\u00eb ket\u00eb koh\u00ebn m\u00eb [&hellip;]<\/p>\n","protected":false},"author":2016,"featured_media":187456,"comment_status":"closed","ping_status":"closed","sticky":false,"template":"","format":"standard","meta":{"footnotes":""},"categories":[241,1454],"tags":[3293],"class_list":{"0":"post-187454","1":"post","2":"type-post","3":"status-publish","4":"format-standard","5":"has-post-thumbnail","7":"category-aktualitet","8":"category-politike","9":"tag-lajme-zjarr-shkarkimi-i-metes-zjarr-tv"},"_links":{"self":[{"href":"https:\/\/zjarr.tv\/sq\/wp-json\/wp\/v2\/posts\/187454","targetHints":{"allow":["GET"]}}],"collection":[{"href":"https:\/\/zjarr.tv\/sq\/wp-json\/wp\/v2\/posts"}],"about":[{"href":"https:\/\/zjarr.tv\/sq\/wp-json\/wp\/v2\/types\/post"}],"author":[{"embeddable":true,"href":"https:\/\/zjarr.tv\/sq\/wp-json\/wp\/v2\/users\/2016"}],"replies":[{"embeddable":true,"href":"https:\/\/zjarr.tv\/sq\/wp-json\/wp\/v2\/comments?post=187454"}],"version-history":[{"count":0,"href":"https:\/\/zjarr.tv\/sq\/wp-json\/wp\/v2\/posts\/187454\/revisions"}],"wp:featuredmedia":[{"embeddable":true,"href":"https:\/\/zjarr.tv\/sq\/wp-json\/wp\/v2\/media\/187456"}],"wp:attachment":[{"href":"https:\/\/zjarr.tv\/sq\/wp-json\/wp\/v2\/media?parent=187454"}],"wp:term":[{"taxonomy":"category","embeddable":true,"href":"https:\/\/zjarr.tv\/sq\/wp-json\/wp\/v2\/categories?post=187454"},{"taxonomy":"post_tag","embeddable":true,"href":"https:\/\/zjarr.tv\/sq\/wp-json\/wp\/v2\/tags?post=187454"}],"curies":[{"name":"wp","href":"https:\/\/api.w.org\/{rel}","templated":true}]}}