{"id":187457,"date":"2021-06-09T10:56:28","date_gmt":"2021-06-09T08:56:28","guid":{"rendered":"https:\/\/zjarr.tv\/?p=187457"},"modified":"2021-06-09T10:56:28","modified_gmt":"2021-06-09T08:56:28","slug":"seanca-per-shkarkimin-e-metes-alket-hyseni-prezanton-raportin","status":"publish","type":"post","link":"https:\/\/zjarr.tv\/sq\/seanca-per-shkarkimin-e-metes-alket-hyseni-prezanton-raportin\/","title":{"rendered":"Seanca p\u00ebr shkarkimin e Met\u00ebs\/ Alket Hyseni prezanton raportin\u2026"},"content":{"rendered":"<p>Ka nisur seanca plenare, ku sot pritet t\u00eb votohet shkarkimi i Presidentit Ilir Meta. Kreu i Komisionit Hetimor p\u00ebr shkarkimin e kreut t\u00eb shtetit, ka prezantuar nga foltorja e Kuvendit raportin e hartuar.<\/p>\n<p>Nd\u00ebr t\u00eb tjera, Presidenti akuzohet p\u00ebr shkelje t\u00eb r\u00ebnd\u00eb t\u00eb Kushtetut\u00ebs dhe deputet\u00ebve u k\u00ebrkohet q\u00eb t\u00eb votojn\u00eb pro p\u00ebr shkarkimin e tij.<\/p>\n<p>\u201cN\u00eb em\u00ebr t\u00eb Komisionit Hetimor p\u00ebr hetimin e shkeljeve t\u00eb r\u00ebnd at\u00eb Presidentit t\u00eb paraqes raportin e k\u00ebtij komisioni. Deputet\u00ebt Kan\u00eb paraqitur propozimin p\u00ebr shkarkim e Kuvendit p\u00ebr shkarkim e Presidentit Ilir Meta. Komisioni shqyrtoi n\u00eb dy mbledhje k\u00ebrkes\u00ebn e deputet\u00ebve.<\/p>\n<p>Komisioni pasi konstatoi se k\u00ebrkesa e deputet\u00ebve plot\u00ebson k\u00ebrkesat ligjore vendosi ngritjen e nj\u00eb Komisioni parlamentar. Kuvendi vendosi ngritjen e komisionit Hetimor t\u00eb p\u00ebrb\u00ebr\u00eb nga n\u00ebnt\u00eb an\u00ebtar\u00eb. Objekti i ishte hetimi i akteve t\u00eb kryera t\u00eb presidentit gjat\u00eb fushat\u00ebs dhe dit\u00ebn e heshtjes zgjedhore p\u00ebrb\u00ebjn\u00eb shkelje t\u00eb kushtetut\u00ebs. Prishjen e ekuilibrit publik, d\u00ebmtimin e imazhit t\u00eb vendit dhe marr\u00ebdh\u00ebniet me partner\u00ebt strategjik\u00eb t\u00eb Shqip\u00ebris\u00eb,\u201d u shpreh Hyseni.<\/p>\n<p>&nbsp;<\/p>\n","protected":false},"excerpt":{"rendered":"<p>Ka nisur seanca plenare, ku sot pritet t\u00eb votohet shkarkimi i Presidentit Ilir Meta. Kreu i Komisionit Hetimor p\u00ebr shkarkimin e kreut t\u00eb shtetit, ka prezantuar nga foltorja e Kuvendit raportin e hartuar. Nd\u00ebr t\u00eb tjera, Presidenti akuzohet p\u00ebr shkelje t\u00eb r\u00ebnd\u00eb t\u00eb Kushtetut\u00ebs dhe deputet\u00ebve u k\u00ebrkohet q\u00eb t\u00eb votojn\u00eb pro p\u00ebr shkarkimin e [&hellip;]<\/p>\n","protected":false},"author":2016,"featured_media":187459,"comment_status":"closed","ping_status":"closed","sticky":false,"template":"","format":"standard","meta":{"footnotes":""},"categories":[241,1454],"tags":[3670],"class_list":{"0":"post-187457","1":"post","2":"type-post","3":"status-publish","4":"format-standard","5":"has-post-thumbnail","7":"category-aktualitet","8":"category-politike","9":"tag-lajme-zjarr-seanca-per-shkarkimin-e-metes-zjarr-tv"},"_links":{"self":[{"href":"https:\/\/zjarr.tv\/sq\/wp-json\/wp\/v2\/posts\/187457","targetHints":{"allow":["GET"]}}],"collection":[{"href":"https:\/\/zjarr.tv\/sq\/wp-json\/wp\/v2\/posts"}],"about":[{"href":"https:\/\/zjarr.tv\/sq\/wp-json\/wp\/v2\/types\/post"}],"author":[{"embeddable":true,"href":"https:\/\/zjarr.tv\/sq\/wp-json\/wp\/v2\/users\/2016"}],"replies":[{"embeddable":true,"href":"https:\/\/zjarr.tv\/sq\/wp-json\/wp\/v2\/comments?post=187457"}],"version-history":[{"count":0,"href":"https:\/\/zjarr.tv\/sq\/wp-json\/wp\/v2\/posts\/187457\/revisions"}],"wp:featuredmedia":[{"embeddable":true,"href":"https:\/\/zjarr.tv\/sq\/wp-json\/wp\/v2\/media\/187459"}],"wp:attachment":[{"href":"https:\/\/zjarr.tv\/sq\/wp-json\/wp\/v2\/media?parent=187457"}],"wp:term":[{"taxonomy":"category","embeddable":true,"href":"https:\/\/zjarr.tv\/sq\/wp-json\/wp\/v2\/categories?post=187457"},{"taxonomy":"post_tag","embeddable":true,"href":"https:\/\/zjarr.tv\/sq\/wp-json\/wp\/v2\/tags?post=187457"}],"curies":[{"name":"wp","href":"https:\/\/api.w.org\/{rel}","templated":true}]}}