{"id":187467,"date":"2021-06-09T11:35:03","date_gmt":"2021-06-09T09:35:03","guid":{"rendered":"https:\/\/zjarr.tv\/?p=187467"},"modified":"2021-06-09T11:35:03","modified_gmt":"2021-06-09T09:35:03","slug":"ardi-veliu-mbledh-me-urgjence-drejtuesit-e-policise-dhe-shefat-e-komisariateve","status":"publish","type":"post","link":"https:\/\/zjarr.tv\/sq\/ardi-veliu-mbledh-me-urgjence-drejtuesit-e-policise-dhe-shefat-e-komisariateve\/","title":{"rendered":"Ardi Veliu mbledh me urgjenc\u00eb drejtuesit e policis\u00eb dhe shefat e komisariat\u00ebve\u2026"},"content":{"rendered":"<p>Drejtori i P\u00ebrgjithsh\u00ebm s\u00eb Policis\u00eb s\u00eb Shtetit Ardi Veliu, ka thirrur nj\u00eb mbledhje urgjente me t\u00eb gjith\u00eb drejtuesit e drejtorive Vendore t\u00eb Policis\u00eb.<\/p>\n<p>Mbledhja do t\u00eb zhvillohet n\u00eb ambientet e DPPSH, ku t\u00eb\u00a0 pranish\u00ebm do t\u00eb jen\u00eb edhe shefat e Komisariateve t\u00eb Tiran\u00ebs.<\/p>\n<p>Paraprakisht m\u00ebsohet se tem\u00eb diskutimi do jen\u00eb ngjarjet e fundit kriminale n\u00eb vend.<\/p>\n<p>Prej disa dit\u00ebsh vendi \u00ebsht\u00eb goditur nga nj\u00eb s\u00ebr\u00eb ngjarjesh tw rwnda, ku janw shkaktuar disa eleminime mir\u00eborganizuara.<\/p>\n<p>Nuk dihet ende n\u00ebse kjo mbledhje do t\u00eb pasoj\u00eb me shkarkime n\u00eb nivelet drejtuese t\u00eb komisariateve, nd\u00ebrkoh\u00eb q\u00eb qytetet me numrin m\u00eb t\u00eb madh t\u00eb eleminimeve, jan\u00eb Vlora, Elbasani dhe Shkodra.<\/p>\n<p>&nbsp;<\/p>\n","protected":false},"excerpt":{"rendered":"<p>Drejtori i P\u00ebrgjithsh\u00ebm s\u00eb Policis\u00eb s\u00eb Shtetit Ardi Veliu, ka thirrur nj\u00eb mbledhje urgjente me t\u00eb gjith\u00eb drejtuesit e drejtorive Vendore t\u00eb Policis\u00eb. Mbledhja do t\u00eb zhvillohet n\u00eb ambientet e DPPSH, ku t\u00eb\u00a0 pranish\u00ebm do t\u00eb jen\u00eb edhe shefat e Komisariateve t\u00eb Tiran\u00ebs. Paraprakisht m\u00ebsohet se tem\u00eb diskutimi do jen\u00eb ngjarjet e fundit kriminale n\u00eb [&hellip;]<\/p>\n","protected":false},"author":2016,"featured_media":187469,"comment_status":"closed","ping_status":"closed","sticky":false,"template":"","format":"standard","meta":{"footnotes":""},"categories":[241],"tags":[3673],"class_list":{"0":"post-187467","1":"post","2":"type-post","3":"status-publish","4":"format-standard","5":"has-post-thumbnail","7":"category-aktualitet","8":"tag-lajme-zjarr-veliu-mbledh-me-urgjence-drejtuesit-e-policive-zjarr-tv"},"_links":{"self":[{"href":"https:\/\/zjarr.tv\/sq\/wp-json\/wp\/v2\/posts\/187467","targetHints":{"allow":["GET"]}}],"collection":[{"href":"https:\/\/zjarr.tv\/sq\/wp-json\/wp\/v2\/posts"}],"about":[{"href":"https:\/\/zjarr.tv\/sq\/wp-json\/wp\/v2\/types\/post"}],"author":[{"embeddable":true,"href":"https:\/\/zjarr.tv\/sq\/wp-json\/wp\/v2\/users\/2016"}],"replies":[{"embeddable":true,"href":"https:\/\/zjarr.tv\/sq\/wp-json\/wp\/v2\/comments?post=187467"}],"version-history":[{"count":0,"href":"https:\/\/zjarr.tv\/sq\/wp-json\/wp\/v2\/posts\/187467\/revisions"}],"wp:featuredmedia":[{"embeddable":true,"href":"https:\/\/zjarr.tv\/sq\/wp-json\/wp\/v2\/media\/187469"}],"wp:attachment":[{"href":"https:\/\/zjarr.tv\/sq\/wp-json\/wp\/v2\/media?parent=187467"}],"wp:term":[{"taxonomy":"category","embeddable":true,"href":"https:\/\/zjarr.tv\/sq\/wp-json\/wp\/v2\/categories?post=187467"},{"taxonomy":"post_tag","embeddable":true,"href":"https:\/\/zjarr.tv\/sq\/wp-json\/wp\/v2\/tags?post=187467"}],"curies":[{"name":"wp","href":"https:\/\/api.w.org\/{rel}","templated":true}]}}