{"id":187474,"date":"2021-06-09T12:18:42","date_gmt":"2021-06-09T10:18:42","guid":{"rendered":"https:\/\/zjarr.tv\/?p=187474"},"modified":"2021-06-09T12:18:42","modified_gmt":"2021-06-09T10:18:42","slug":"shkarkimi-i-metes-flet-lefter-maliqi-seance-qesharake-nuk-vendos-parlamenti-por-gjykata","status":"publish","type":"post","link":"https:\/\/zjarr.tv\/sq\/shkarkimi-i-metes-flet-lefter-maliqi-seance-qesharake-nuk-vendos-parlamenti-por-gjykata\/","title":{"rendered":"Shkarkimi i Met\u00ebs\/ Flet Lefter Maliqi: Seanc\u00eb qesharake, nuk vendos Parlamenti, por Gjykata"},"content":{"rendered":"<p style=\"background: white; margin: 0in 0in 19.5pt 0in;\"><span style=\"color: #222222;\">Sot \u00ebsht\u00eb duke u zhvilluar senaca plenare p\u00ebr shkarkimin e Presidentit, Ilir Meta.<\/span><\/p>\n<p style=\"background: white; -webkit-tap-highlight-color: transparent !important; box-sizing: border-box; overflow-wrap: break-word; font-variant-ligatures: normal; font-variant-caps: normal; orphans: 2; widows: 2; -webkit-text-stroke-width: 0px; text-decoration-thickness: initial; text-decoration-style: initial; text-decoration-color: initial; word-spacing: 0px; margin: 0in 0in 19.5pt 0in;\"><span style=\"color: #222222;\">Pak para nisjes s\u00eb k\u00ebsaj seance, Lefter Maliqi ka th\u00ebn\u00eb p\u00ebr mediat se sot, nuk b\u00ebhet fjal\u00eb p\u00ebr shkarkimin e Presidentit, pasi kjo vendoset nga Gjykata.<\/span><\/p>\n<p style=\"background: white; -webkit-tap-highlight-color: transparent !important; box-sizing: border-box; overflow-wrap: break-word; font-variant-ligatures: normal; font-variant-caps: normal; orphans: 2; widows: 2; -webkit-text-stroke-width: 0px; text-decoration-thickness: initial; text-decoration-style: initial; text-decoration-color: initial; word-spacing: 0px; margin: 0in 0in 19.5pt 0in;\"><span style=\"color: #222222;\">Teksa, shtoi se kjo senac\u00eb \u00ebsht\u00eb qesharake dhe muaji Shtator, do t\u00eb pritet me protesta dhe me mosnjohje t\u00eb Zgjedhjeve t\u00eb 25 Prillit.<\/span><\/p>\n<p style=\"background: white; -webkit-tap-highlight-color: transparent !important; box-sizing: border-box; overflow-wrap: break-word; font-variant-ligatures: normal; font-variant-caps: normal; orphans: 2; widows: 2; -webkit-text-stroke-width: 0px; text-decoration-thickness: initial; text-decoration-style: initial; text-decoration-color: initial; word-spacing: 0px; margin: 0in 0in 19.5pt 0in;\"><span style=\"color: #222222;\">\u201cKy Parlament ka punuar p\u00ebr t\u00eb pasuruar disa njer\u00ebz, p\u00ebr t\u00eb ndryshuar 5 qershorin, ashtu si\u00e7 b\u00ebri edhe me aktin antikushtetues K\u00c7K. Subjektet p\u00ebr blerje shantazhim. Kjo \u00ebsht\u00eb nj\u00eb seanc\u00eb qesharake, aktrim, estrad\u00eb. Sot nuk b\u00ebhet fjal\u00eb p\u00ebr shkarkim t\u00eb presidentit, Kushtetuesja vendos.<\/span><\/p>\n<p style=\"background: white; -webkit-tap-highlight-color: transparent !important; box-sizing: border-box; overflow-wrap: break-word; font-variant-ligatures: normal; font-variant-caps: normal; orphans: 2; widows: 2; -webkit-text-stroke-width: 0px; text-decoration-thickness: initial; text-decoration-style: initial; text-decoration-color: initial; word-spacing: 0px; margin: 0in 0in 19.5pt 0in;\"><span style=\"color: #222222;\">Nuk ka shkelje t\u00eb r\u00ebnd\u00eb q\u00eb t\u00eb shkarkohet Presidenti, pasi mbron Kushtetut\u00ebn. Rama ka ngritur prej koh\u00ebsh alibira. Shtatori do jet\u00eb me protesta, me mosnjohje t\u00eb zgjedhjeve, por vendi \u00ebsht\u00eb zhytur n\u00eb varf\u00ebri ekstreme, vjeshta do jet\u00eb vjeshta e shqiptar\u00ebve\u201d,\u201d- tha Maliqi.<\/span><\/p>\n","protected":false},"excerpt":{"rendered":"<p>Sot \u00ebsht\u00eb duke u zhvilluar senaca plenare p\u00ebr shkarkimin e Presidentit, Ilir Meta. Pak para nisjes s\u00eb k\u00ebsaj seance, Lefter Maliqi ka th\u00ebn\u00eb p\u00ebr mediat se sot, nuk b\u00ebhet fjal\u00eb p\u00ebr shkarkimin e Presidentit, pasi kjo vendoset nga Gjykata. Teksa, shtoi se kjo senac\u00eb \u00ebsht\u00eb qesharake dhe muaji Shtator, do t\u00eb pritet me protesta dhe [&hellip;]<\/p>\n","protected":false},"author":2016,"featured_media":187476,"comment_status":"closed","ping_status":"closed","sticky":false,"template":"","format":"standard","meta":{"footnotes":""},"categories":[241,1454],"tags":[3675],"class_list":{"0":"post-187474","1":"post","2":"type-post","3":"status-publish","4":"format-standard","5":"has-post-thumbnail","7":"category-aktualitet","8":"category-politike","9":"tag-lajme-zjarr-flet-lefter-maliqi-zjarr-tv"},"_links":{"self":[{"href":"https:\/\/zjarr.tv\/sq\/wp-json\/wp\/v2\/posts\/187474","targetHints":{"allow":["GET"]}}],"collection":[{"href":"https:\/\/zjarr.tv\/sq\/wp-json\/wp\/v2\/posts"}],"about":[{"href":"https:\/\/zjarr.tv\/sq\/wp-json\/wp\/v2\/types\/post"}],"author":[{"embeddable":true,"href":"https:\/\/zjarr.tv\/sq\/wp-json\/wp\/v2\/users\/2016"}],"replies":[{"embeddable":true,"href":"https:\/\/zjarr.tv\/sq\/wp-json\/wp\/v2\/comments?post=187474"}],"version-history":[{"count":0,"href":"https:\/\/zjarr.tv\/sq\/wp-json\/wp\/v2\/posts\/187474\/revisions"}],"wp:featuredmedia":[{"embeddable":true,"href":"https:\/\/zjarr.tv\/sq\/wp-json\/wp\/v2\/media\/187476"}],"wp:attachment":[{"href":"https:\/\/zjarr.tv\/sq\/wp-json\/wp\/v2\/media?parent=187474"}],"wp:term":[{"taxonomy":"category","embeddable":true,"href":"https:\/\/zjarr.tv\/sq\/wp-json\/wp\/v2\/categories?post=187474"},{"taxonomy":"post_tag","embeddable":true,"href":"https:\/\/zjarr.tv\/sq\/wp-json\/wp\/v2\/tags?post=187474"}],"curies":[{"name":"wp","href":"https:\/\/api.w.org\/{rel}","templated":true}]}}