{"id":187477,"date":"2021-06-09T12:31:52","date_gmt":"2021-06-09T10:31:52","guid":{"rendered":"https:\/\/zjarr.tv\/?p=187477"},"modified":"2021-06-09T12:33:25","modified_gmt":"2021-06-09T10:33:25","slug":"bledi-cuci-viziton-fabriken-si-do-ti-kapim-me-drone-turq-shkelesit-e-ligjit","status":"publish","type":"post","link":"https:\/\/zjarr.tv\/sq\/bledi-cuci-viziton-fabriken-si-do-ti-kapim-me-drone-turq-shkelesit-e-ligjit\/","title":{"rendered":"Bledi \u00c7u\u00e7i viziton fabrik\u00ebn: Si do t\u2019i kapim me dron\u00eb turq shkel\u00ebsit e ligjit\u2026"},"content":{"rendered":"<p style=\"margin-top: 0in; background: white;\"><span style=\"color: #212529;\">Ministri i Brendsh\u00ebm Bledi \u00c7u\u00e7i, ka ndar\u00eb foto gjat\u00eb vizit\u00ebs s\u00eb tij n\u00eb Turqi n\u00eb kompanin\u00eb e prodhimit t\u00eb dron\u00ebve, q\u00eb do t\u00eb sillen n\u00eb Shqip\u00ebri p\u00ebr kontrollin urban dhe mbrojtjen e territorit. Ai shkruan se shfryt\u00ebzimi i k\u00ebtyre dron\u00ebve n\u00eb vendin tone, do t\u00eb rris\u00eb efektivitetin e pun\u00ebs dhe strukturave t\u00eb tjera p\u00ebr t\u00eb parandaluar fenomenet e paligjshme.<\/span><\/p>\n<p style=\"margin-top: 0in; background: white; box-sizing: border-box; margin-bottom: 1rem; font-variant-ligatures: normal; font-variant-caps: normal; orphans: 2; widows: 2; -webkit-text-stroke-width: 0px; text-decoration-thickness: initial; text-decoration-style: initial; text-decoration-color: initial; word-spacing: 0px;\"><em style=\"box-sizing: border-box;\"><span style=\"color: #212529;\">\u201cN\u00eb Turqi gjat\u00eb vizit\u00ebs te kompania \u201cBaykar Defense\u201d, e specializuar n\u00eb prodhimin e dron\u00ebve t\u00eb teknologjis\u00eb s\u00eb lart\u00eb. Po vler\u00ebsojm\u00eb mund\u00ebsin\u00eb e p\u00ebrdorimit t\u00eb k\u00ebtyre pajisjeve edhe n\u00eb Shqip\u00ebri p\u00ebr q\u00ebllime civile e urbane t\u00eb kontrollit dhe mbrotjes s\u00eb territorit.<\/span><\/em><\/p>\n<p style=\"margin-top: 0in; background: white; box-sizing: border-box; margin-bottom: 1rem; font-variant-ligatures: normal; font-variant-caps: normal; orphans: 2; widows: 2; -webkit-text-stroke-width: 0px; text-decoration-thickness: initial; text-decoration-style: initial; text-decoration-color: initial; word-spacing: 0px;\"><em style=\"box-sizing: border-box;\"><span style=\"color: #212529;\">Shfryt\u00ebzimi i k\u00ebtyre dron\u00ebve n\u00eb vendin ton\u00eb do t\u00eb rris\u00eb cil\u00ebsisht efektivitetin e pun\u00ebs s\u00eb Policis\u00eb s\u00eb Shtetit dhe strukturave t\u00eb tjera n\u00eb drejtim t\u00eb kontrollit t\u00eb territorit, p\u00ebr t\u00eb parandaluar n\u00eb k\u00ebt\u00eb m\u00ebnyr\u00eb fenomenet e paligjshme kudo ku ato hasen.<\/span><\/em><\/p>\n<p style=\"margin-top: 0in; background: white; box-sizing: border-box; margin-bottom: 1rem; font-variant-ligatures: normal; font-variant-caps: normal; orphans: 2; widows: 2; -webkit-text-stroke-width: 0px; text-decoration-thickness: initial; text-decoration-style: initial; text-decoration-color: initial; word-spacing: 0px;\"><em style=\"box-sizing: border-box;\"><span style=\"color: #212529;\">Shqip\u00ebria dhe Turqia kan\u00eb nj\u00eb bashk\u00ebpunim t\u00eb ngusht\u00eb q\u00eb mb\u00ebshtetet n\u00eb faktor\u00eb historik\u00eb dhe n\u00eb fusha t\u00eb interesit t\u00eb p\u00ebrbashk\u00ebt si ajo e siguris\u00eb, migracionit t\u00eb paligjsh\u00ebm\u201d.<\/span><\/em><\/p>\n<p><img loading=\"lazy\" decoding=\"async\" class=\"alignnone size-full wp-image-187478\" src=\"https:\/\/zjarr.tv\/wp-content\/uploads\/2021\/06\/cuci-1.png\" alt=\"\" width=\"638\" height=\"365\" srcset=\"https:\/\/zjarr.tv\/wp-content\/uploads\/2021\/06\/cuci-1.png 638w, https:\/\/zjarr.tv\/wp-content\/uploads\/2021\/06\/cuci-1-300x172.png 300w\" sizes=\"auto, (max-width: 638px) 100vw, 638px\" \/><\/p>\n","protected":false},"excerpt":{"rendered":"<p>Ministri i Brendsh\u00ebm Bledi \u00c7u\u00e7i, ka ndar\u00eb foto gjat\u00eb vizit\u00ebs s\u00eb tij n\u00eb Turqi n\u00eb kompanin\u00eb e prodhimit t\u00eb dron\u00ebve, q\u00eb do t\u00eb sillen n\u00eb Shqip\u00ebri p\u00ebr kontrollin urban dhe mbrojtjen e territorit. Ai shkruan se shfryt\u00ebzimi i k\u00ebtyre dron\u00ebve n\u00eb vendin tone, do t\u00eb rris\u00eb efektivitetin e pun\u00ebs dhe strukturave t\u00eb tjera p\u00ebr t\u00eb [&hellip;]<\/p>\n","protected":false},"author":2016,"featured_media":187480,"comment_status":"closed","ping_status":"closed","sticky":false,"template":"","format":"standard","meta":{"footnotes":""},"categories":[241],"tags":[3676],"class_list":{"0":"post-187477","1":"post","2":"type-post","3":"status-publish","4":"format-standard","5":"has-post-thumbnail","7":"category-aktualitet","8":"tag-lajme-zjarr-bledi-cuci-viziton-fabriken-zjarr-tv"},"_links":{"self":[{"href":"https:\/\/zjarr.tv\/sq\/wp-json\/wp\/v2\/posts\/187477","targetHints":{"allow":["GET"]}}],"collection":[{"href":"https:\/\/zjarr.tv\/sq\/wp-json\/wp\/v2\/posts"}],"about":[{"href":"https:\/\/zjarr.tv\/sq\/wp-json\/wp\/v2\/types\/post"}],"author":[{"embeddable":true,"href":"https:\/\/zjarr.tv\/sq\/wp-json\/wp\/v2\/users\/2016"}],"replies":[{"embeddable":true,"href":"https:\/\/zjarr.tv\/sq\/wp-json\/wp\/v2\/comments?post=187477"}],"version-history":[{"count":0,"href":"https:\/\/zjarr.tv\/sq\/wp-json\/wp\/v2\/posts\/187477\/revisions"}],"wp:featuredmedia":[{"embeddable":true,"href":"https:\/\/zjarr.tv\/sq\/wp-json\/wp\/v2\/media\/187480"}],"wp:attachment":[{"href":"https:\/\/zjarr.tv\/sq\/wp-json\/wp\/v2\/media?parent=187477"}],"wp:term":[{"taxonomy":"category","embeddable":true,"href":"https:\/\/zjarr.tv\/sq\/wp-json\/wp\/v2\/categories?post=187477"},{"taxonomy":"post_tag","embeddable":true,"href":"https:\/\/zjarr.tv\/sq\/wp-json\/wp\/v2\/tags?post=187477"}],"curies":[{"name":"wp","href":"https:\/\/api.w.org\/{rel}","templated":true}]}}