{"id":187482,"date":"2021-06-09T12:40:27","date_gmt":"2021-06-09T10:40:27","guid":{"rendered":"https:\/\/zjarr.tv\/?p=187482"},"modified":"2021-06-09T12:40:27","modified_gmt":"2021-06-09T10:40:27","slug":"shkarkimi-i-metes-ironia-e-bujar-kapexhiut-ne-nje-salle-te-mbyllur-thuren-intriga-ketu-hidhet-valle","status":"publish","type":"post","link":"https:\/\/zjarr.tv\/sq\/shkarkimi-i-metes-ironia-e-bujar-kapexhiut-ne-nje-salle-te-mbyllur-thuren-intriga-ketu-hidhet-valle\/","title":{"rendered":"Shkarkimi i Met\u00ebs\/ Ironia e Bujar Kapexhiut: N\u00eb nj\u00eb sall\u00eb t\u00eb mbyllur thuren intriga, k\u00ebtu hidhet valle\u2026"},"content":{"rendered":"<p style=\"margin-top: 0in; background: white;\"><span style=\"color: #212529;\">Aktori Bujar Kapexhiu, pjes\u00eb e aktivitetit t\u00eb organizuar n\u00eb Presidenc\u00eb, p\u00ebr t\u00eb nderuar figurat kulturore t\u00eb Ansamblit t\u00eb Dibr\u00ebs, ka ironizuar seanc\u00ebn plenare t\u00eb deputet\u00ebve p\u00ebr shkarkimin e Presidentit Ilir Meta.<\/span><\/p>\n<p style=\"margin-top: 0in; background: white; box-sizing: border-box; margin-bottom: 1rem; font-variant-ligatures: normal; font-variant-caps: normal; orphans: 2; widows: 2; -webkit-text-stroke-width: 0px; text-decoration-thickness: initial; text-decoration-style: initial; text-decoration-color: initial; word-spacing: 0px;\"><span style=\"color: #212529;\">Kapexhiu n\u00eb fjal\u00ebn e tij thekson se; n\u00eb nj\u00eb sall\u00eb t\u00eb mbyllur thuren intriga, nd\u00ebrsa n\u00eb ambientin e hapur t\u00eb presidenc\u00ebs, k\u00ebndohet dhe hidhet valle.<\/span><\/p>\n<p style=\"margin-top: 0in; background: white; box-sizing: border-box; margin-bottom: 1rem; font-variant-ligatures: normal; font-variant-caps: normal; orphans: 2; widows: 2; -webkit-text-stroke-width: 0px; text-decoration-thickness: initial; text-decoration-style: initial; text-decoration-color: initial; word-spacing: 0px;\"><span style=\"color: #212529;\">Nd\u00ebr t\u00eb tjera, ai ka theksuar se beson se dhe ato q\u00eb ndodhen n\u00eb sall\u00eb, do t\u00eb reflektojn\u00eb dhe do t\u00eb bashkohen k\u00ebng\u00ebve dhe valleve.<\/span><\/p>\n<p style=\"margin-top: 0in; background: white; box-sizing: border-box; margin-bottom: 1rem; font-variant-ligatures: normal; font-variant-caps: normal; orphans: 2; widows: 2; -webkit-text-stroke-width: 0px; text-decoration-thickness: initial; text-decoration-style: initial; text-decoration-color: initial; word-spacing: 0px;\"><span style=\"color: #212529;\">\u201cN\u00eb nj\u00eb sall\u00eb t\u00eb mbyllur thuren intriga, nd\u00ebrsa n\u00eb k\u00ebt\u00eb ambient t\u00eb hapur, n\u00eb k\u00ebt\u00eb dit\u00eb kaq t\u00eb bukur k\u00ebndohet dhe hidhen valle. Kur flasim p\u00ebr ata nuk mund t\u00eb mos qeshim dhe urojm\u00eb q\u00eb ky aktivitet kulturor t\u2019ju sh\u00ebrbeje edhe atyre q\u00eb t\u00eb reflektojn\u00eb dhe t\u2019i bashkohen fest\u00ebs son\u00eb\u201d, ka th\u00ebn\u00eb ai.<\/span><\/p>\n","protected":false},"excerpt":{"rendered":"<p>Aktori Bujar Kapexhiu, pjes\u00eb e aktivitetit t\u00eb organizuar n\u00eb Presidenc\u00eb, p\u00ebr t\u00eb nderuar figurat kulturore t\u00eb Ansamblit t\u00eb Dibr\u00ebs, ka ironizuar seanc\u00ebn plenare t\u00eb deputet\u00ebve p\u00ebr shkarkimin e Presidentit Ilir Meta. Kapexhiu n\u00eb fjal\u00ebn e tij thekson se; n\u00eb nj\u00eb sall\u00eb t\u00eb mbyllur thuren intriga, nd\u00ebrsa n\u00eb ambientin e hapur t\u00eb presidenc\u00ebs, k\u00ebndohet dhe hidhet [&hellip;]<\/p>\n","protected":false},"author":2016,"featured_media":187484,"comment_status":"closed","ping_status":"closed","sticky":false,"template":"","format":"standard","meta":{"footnotes":""},"categories":[241],"tags":[3677],"class_list":{"0":"post-187482","1":"post","2":"type-post","3":"status-publish","4":"format-standard","5":"has-post-thumbnail","7":"category-aktualitet","8":"tag-lajme-zjarr-ironia-e-bujar-kapexhiut-zjarr-tv"},"_links":{"self":[{"href":"https:\/\/zjarr.tv\/sq\/wp-json\/wp\/v2\/posts\/187482","targetHints":{"allow":["GET"]}}],"collection":[{"href":"https:\/\/zjarr.tv\/sq\/wp-json\/wp\/v2\/posts"}],"about":[{"href":"https:\/\/zjarr.tv\/sq\/wp-json\/wp\/v2\/types\/post"}],"author":[{"embeddable":true,"href":"https:\/\/zjarr.tv\/sq\/wp-json\/wp\/v2\/users\/2016"}],"replies":[{"embeddable":true,"href":"https:\/\/zjarr.tv\/sq\/wp-json\/wp\/v2\/comments?post=187482"}],"version-history":[{"count":0,"href":"https:\/\/zjarr.tv\/sq\/wp-json\/wp\/v2\/posts\/187482\/revisions"}],"wp:featuredmedia":[{"embeddable":true,"href":"https:\/\/zjarr.tv\/sq\/wp-json\/wp\/v2\/media\/187484"}],"wp:attachment":[{"href":"https:\/\/zjarr.tv\/sq\/wp-json\/wp\/v2\/media?parent=187482"}],"wp:term":[{"taxonomy":"category","embeddable":true,"href":"https:\/\/zjarr.tv\/sq\/wp-json\/wp\/v2\/categories?post=187482"},{"taxonomy":"post_tag","embeddable":true,"href":"https:\/\/zjarr.tv\/sq\/wp-json\/wp\/v2\/tags?post=187482"}],"curies":[{"name":"wp","href":"https:\/\/api.w.org\/{rel}","templated":true}]}}