{"id":187495,"date":"2021-06-09T13:36:17","date_gmt":"2021-06-09T11:36:17","guid":{"rendered":"https:\/\/zjarr.tv\/?p=187495"},"modified":"2021-06-09T13:36:17","modified_gmt":"2021-06-09T11:36:17","slug":"pandeli-majko-me-zerin-qe-i-dridhet-zbulon-qendrimin-qe-do-mbaje-per-ceshtjen-e-metes-eshte-nje-vote-qe-me-dhemb-shume-por","status":"publish","type":"post","link":"https:\/\/zjarr.tv\/sq\/pandeli-majko-me-zerin-qe-i-dridhet-zbulon-qendrimin-qe-do-mbaje-per-ceshtjen-e-metes-eshte-nje-vote-qe-me-dhemb-shume-por\/","title":{"rendered":"Pandeli Majko me z\u00ebrin q\u00eb i dridhet zbulon q\u00ebndrimin q\u00eb do mbaj\u00eb p\u00ebr \u00e7\u00ebshtjen e Met\u00ebs: \u00cbsht\u00eb nj\u00eb vot\u00eb q\u00eb m\u00eb dhemb shum\u00eb por\u2026"},"content":{"rendered":"<p>Pandeli Majko<\/p>\n<p>\u201cSecili ka perceptimin e tij ne lidhje me k\u00ebt\u00eb nism\u00eb. Presidenti Ilir Meta \u00ebsht\u00eb nj\u00eb individ i burgosur n\u00eb pozicionin e tij.<\/p>\n<p>Kryetari grupit parlamentar e di se un\u00eb nuk kam dashur t\u2019a votoj k\u00ebt\u00eb vendim. Por tashm\u00eb kam par\u00eb se Meta \u00ebsht\u00eb b\u00ebr\u00eb promotor i veprimeve shkel\u00ebse t\u00eb kushtetut\u00ebs. Shkurt e qart\u00eb mendoj se k\u00ebshilla se m\u00eb mir\u00eb t\u00eb t\u00eb urrejn\u00eb p\u00ebr at\u00eb q\u00eb je sesa t\u00eb t\u00eb duan p\u00ebr at\u00eb q\u00eb nuk je \u00ebsht\u00eb rasi i sot\u00ebm. Mora fjal\u00ebn p\u00ebr t\u00eb th\u00ebn\u00eb se un\u00eb do t\u00eb votoj pro shkarkimit t\u00eb Ilir Met\u00ebs.<\/p>\n<p>Ilir Meta ka qen\u00eb pjes\u00eb e jona dhe \u00ebsht\u00eb votuar nga kjo mas\u00eb, kjo \u00ebsht\u00eb nj\u00eb vot\u00eb q\u00eb m\u00eb dhemb shum\u00eb. Kur \u00ebsht\u00eb miratuar kushtetuta e kan\u00eb pasur shum\u00eb t\u00eb qart\u00eb vendimin p\u00ebr shkarkimin e presidentit. Ne do prodhojm\u00eb nj\u00eb akt q\u00eb do kaloj\u00eb n\u00eb filtrin e Gjykat\u00ebs Kushtetuese. P\u00ebr tjerat do na gjykoj\u00eb koha dhe ajo q\u00eb do vij\u00eb\u201d.<\/p>\n<p>&nbsp;<\/p>\n","protected":false},"excerpt":{"rendered":"<p>Pandeli Majko \u201cSecili ka perceptimin e tij ne lidhje me k\u00ebt\u00eb nism\u00eb. Presidenti Ilir Meta \u00ebsht\u00eb nj\u00eb individ i burgosur n\u00eb pozicionin e tij. Kryetari grupit parlamentar e di se un\u00eb nuk kam dashur t\u2019a votoj k\u00ebt\u00eb vendim. Por tashm\u00eb kam par\u00eb se Meta \u00ebsht\u00eb b\u00ebr\u00eb promotor i veprimeve shkel\u00ebse t\u00eb kushtetut\u00ebs. Shkurt e qart\u00eb [&hellip;]<\/p>\n","protected":false},"author":2016,"featured_media":187497,"comment_status":"closed","ping_status":"closed","sticky":false,"template":"","format":"standard","meta":{"footnotes":""},"categories":[241],"tags":[2703],"class_list":{"0":"post-187495","1":"post","2":"type-post","3":"status-publish","4":"format-standard","5":"has-post-thumbnail","7":"category-aktualitet","8":"tag-lajme-zjarr-pandeli-majko-zjarr-tv"},"_links":{"self":[{"href":"https:\/\/zjarr.tv\/sq\/wp-json\/wp\/v2\/posts\/187495","targetHints":{"allow":["GET"]}}],"collection":[{"href":"https:\/\/zjarr.tv\/sq\/wp-json\/wp\/v2\/posts"}],"about":[{"href":"https:\/\/zjarr.tv\/sq\/wp-json\/wp\/v2\/types\/post"}],"author":[{"embeddable":true,"href":"https:\/\/zjarr.tv\/sq\/wp-json\/wp\/v2\/users\/2016"}],"replies":[{"embeddable":true,"href":"https:\/\/zjarr.tv\/sq\/wp-json\/wp\/v2\/comments?post=187495"}],"version-history":[{"count":0,"href":"https:\/\/zjarr.tv\/sq\/wp-json\/wp\/v2\/posts\/187495\/revisions"}],"wp:featuredmedia":[{"embeddable":true,"href":"https:\/\/zjarr.tv\/sq\/wp-json\/wp\/v2\/media\/187497"}],"wp:attachment":[{"href":"https:\/\/zjarr.tv\/sq\/wp-json\/wp\/v2\/media?parent=187495"}],"wp:term":[{"taxonomy":"category","embeddable":true,"href":"https:\/\/zjarr.tv\/sq\/wp-json\/wp\/v2\/categories?post=187495"},{"taxonomy":"post_tag","embeddable":true,"href":"https:\/\/zjarr.tv\/sq\/wp-json\/wp\/v2\/tags?post=187495"}],"curies":[{"name":"wp","href":"https:\/\/api.w.org\/{rel}","templated":true}]}}