{"id":187505,"date":"2021-06-09T14:18:09","date_gmt":"2021-06-09T12:18:09","guid":{"rendered":"https:\/\/zjarr.tv\/?p=187505"},"modified":"2021-06-09T14:18:09","modified_gmt":"2021-06-09T12:18:09","slug":"frrok-cupi-nxjerr-emrat-dhe-paralajmeron-arrestime-ja-cfare-deklaron-per-meten-dhe-berishen","status":"publish","type":"post","link":"https:\/\/zjarr.tv\/sq\/frrok-cupi-nxjerr-emrat-dhe-paralajmeron-arrestime-ja-cfare-deklaron-per-meten-dhe-berishen\/","title":{"rendered":"Frrok \u00c7upi nxjerr emrat dhe paralajm\u00ebron arrestime\/ Ja \u00e7far\u00eb deklaron p\u00ebr Met\u00ebn dhe Berish\u00ebn\u2026"},"content":{"rendered":"<p>Analisti Frrok \u00c7upi, ka paralajm\u00ebruar goditje t\u00eb bujshme t\u00eb korrupsionit shqiptar. Sipas \u00c7upit, do t\u00eb vihen para Drejt\u00ebsis\u00eb t\u00eb dy President\u00ebt, ky q\u00eb \u00ebsht\u00eb deri nes\u00ebr dhe Berisha q\u00eb ka qen\u00eb.<\/p>\n<p><strong style=\"font-style: inherit;\">Analiza e plot\u00eb e Frrok \u00c7upit<\/strong><\/p>\n<p><em style=\"font-weight: inherit;\">\u201cNes\u00ebr, dometh\u00ebn\u00eb v\u00ebrtet nes\u00ebr- e m\u00ebrkur\u00eb, 9 qershor, Parlamenti i Shqip\u00ebris\u00eb \u2018i merr hov\u2019 edhe nj\u00eb her\u00eb t\u00eb dyt\u00eb pun\u00ebs p\u00ebr shkarkimin e Presidentit t\u00eb Republik\u00ebs. <\/em><em style=\"font-weight: inherit;\">Nj\u00eb dit\u00eb tjet\u00ebr, edhe ajo do t\u00eb quhet \u2018nes\u00ebr\u2019, me sa duket, do t\u00eb vihen para Drejt\u00ebsis\u00eb t\u00eb dy president\u00ebt, ky q\u00eb \u00ebsht\u00eb deri nes\u00ebr dhe Berisha q\u00eb ka qen\u00eb. Pas tyre nj\u00eb \u2018nes\u00ebr\u2019 tjet\u00ebr, me leitnant\u00eb dhe ushtar\u00eb t\u00eb mafies- ish- ministra, bos\u00eb familjar\u00eb t\u00eb pasuruar me \u2018frym\u00ebn e shenjt\u00eb\u2019, etj. <\/em><em style=\"font-weight: inherit;\">Ndoshta jemi me fat q\u00eb m\u00eb n\u00eb fund, nes\u00ebr do ta nisim t\u00eb shkuar\u00ebn, se edhe kjo mund t\u00eb ishte zhytur thell\u00eb e m\u00eb thell\u00eb.<\/em><\/p>\n<p><em style=\"font-weight: inherit;\">\u00c7far\u00eb rreziqesh do t\u00eb kishim sikur t\u00eb mos niste nes\u00ebr? <\/em><em style=\"font-weight: inherit;\">Rreziku m\u00eb i af\u00ebrt \u00ebsht\u00eb q\u00eb t\u00eb na thon\u00eb: \u2018H\u00eb mo, tani kujtoheni?! \u00cbsht\u00eb von\u00eb!\u2019<\/em><br \/>\n<em style=\"font-weight: inherit;\">Ja k\u00ebshtu kan\u00eb th\u00ebn\u00eb dhe po thon\u00eb edhe tani. Po thon\u00eb pse Amerika e \u2018kryq\u00ebzoi, Berish\u00ebn tani, kaq von\u00eb? K\u00ebta mendojn\u00eb se jan\u00eb hileqar\u00ebt e vet\u00ebm t\u00eb bot\u00ebs. K\u00ebta e fshehin faktin se Amerika po mbron shqiptar\u00ebt nga t\u00eb vet\u00ebt, n\u00eb radh\u00eb t\u00eb par\u00eb; pastaj po mbron rajonin. Pjesa m\u00eb e lart\u00eb e \u2018mbret\u00ebris\u00eb\u2019 s\u00eb mafies k\u00ebtu kan\u00eb shp\u00ebtuar para gjyqeve duke th\u00ebn\u00eb se \u2018\u00ebsht\u00eb von\u00eb tani\u2019. <\/em><em style=\"font-weight: inherit;\">T\u00eb dy president\u00ebt, Meta dhe Berisha, kishin p\u00ebrdorur gom\u00ebn mbi fletoren e tyre t\u00eb sh\u00ebnimeve. Kjo ishte historia p\u00ebr ta. N\u00eb faqen tjet\u00ebr t\u00eb fletores kishin vizatuar pronat pa fund t\u00eb p\u00ebrfituara nga korrupsioni dhe grabitja, prona t\u00eb mbrojtura me forc\u00eb dhe me eleminime, dhe nd\u00ebrkoh\u00eb kishin vizatuar gj\u00ebn\u00eb e fundit: Shtetin paralel! Po pritej q\u00eb shteti i votuar nga populli t\u2019u dor\u00ebzohej para k\u00ebmb\u00ebve, nd\u00ebrsa k\u00ebta t\u00eb qeverisnin me shtetin e tyre \u2018privat.<\/em><\/p>\n<p><em style=\"font-weight: inherit;\">Po cila \u00ebsht\u00eb e shkuara?<\/em><\/p>\n<p><em style=\"font-weight: inherit;\">Kjo \u00ebsht\u00eb pyetja q\u00eb as k\u00ebta nuk i japin p\u00ebrgjigje, por vet\u00ebm thon\u00eb se \u2018edhe t\u00eb shkuar\u00ebn e kufizojm\u00eb ne\u2019. Q\u00eb dit\u00ebn kur \u2018Demokratikasit\u2019 e PD-s\u00eb nis\u00ebn t\u00eb thon\u00eb n\u00eb vitin \u201992 se e shkuara ishte \u2018diktatura komuniste\u2019, q\u00eb at\u00eb dit\u00eb duhej t\u00eb kishim kuptuar se post- diktatura do t\u00eb ishte po aq e dhnushme. Pak nga pak k\u00ebta e vendos\u00ebn n\u00eb tabel\u00ebn \u2018e shkuar\u2019 \u00e7do periudh\u00eb kur k\u00ebta kryen aktet e tmerrshme: E shkuar u quajt vjedhja e floririt dhe u mbyll; e shkuar u quajt vjedhja e pasuris\u00eb s\u00eb qytetar\u00ebve n\u00eb skemat piramidale sikur \u2018ka ndodhur nj\u00eb her\u00eb e nj\u00eb koh\u00eb\u2019; e shkuar u quajt korrupsioni p\u00ebrbind\u00ebsh i familjar\u00ebve t\u00eb Berish\u00ebs dhe vilat p\u00ebr macet e Met\u00ebs\u2026 K\u00ebto u mbyll\u00ebn t\u00eb gjitha. Nes\u00ebr ose n\u00eb \u00e7do m\u00ebngjes tjet\u00ebr, k\u00ebta do t\u00eb deklaronin se \u2018sot \u00ebsht\u00eb kufiri i fundit i t\u00eb shkuar\u00ebs\u2019. Edhe k\u00ebt\u00eb t\u00eb drejt\u00eb duan t\u2019ia rr\u00ebmbejn\u00eb viktim\u00ebs, q\u00eb t\u00eb caktojn\u00eb kufijt\u00eb cila ka ndodhur e cila do t\u00eb ndodh\u00eb. <\/em><em style=\"font-weight: inherit;\">Kur jan\u00eb vet\u00ebm me veten e m\u00ebrm\u00ebrisin kujtimet, k\u00ebta e din\u00eb se t\u00eb gjitha i kan\u00eb b\u00ebr\u00eb vet\u00eb\u2026 Por kur u flet krenaria para viktimave t\u00eb tyre, k\u00ebta thon\u00eb se \u2018nuk ka mund\u00ebsi ta kem b\u00ebr\u00eb un\u00eb!\u2019 <\/em><em style=\"font-weight: inherit;\">Epo nes\u00ebr hapet e shkuara; viktimat kan\u00eb t\u00eb drejt\u00eb ta marrin n\u00eb duar&#8221;.<\/em><\/p>\n<p>&nbsp;<\/p>\n<p>&nbsp;<\/p>\n<p>&nbsp;<\/p>\n","protected":false},"excerpt":{"rendered":"<p>Analisti Frrok \u00c7upi, ka paralajm\u00ebruar goditje t\u00eb bujshme t\u00eb korrupsionit shqiptar. Sipas \u00c7upit, do t\u00eb vihen para Drejt\u00ebsis\u00eb t\u00eb dy President\u00ebt, ky q\u00eb \u00ebsht\u00eb deri nes\u00ebr dhe Berisha q\u00eb ka qen\u00eb. Analiza e plot\u00eb e Frrok \u00c7upit \u201cNes\u00ebr, dometh\u00ebn\u00eb v\u00ebrtet nes\u00ebr- e m\u00ebrkur\u00eb, 9 qershor, Parlamenti i Shqip\u00ebris\u00eb \u2018i merr hov\u2019 edhe nj\u00eb her\u00eb t\u00eb [&hellip;]<\/p>\n","protected":false},"author":2016,"featured_media":187507,"comment_status":"closed","ping_status":"closed","sticky":false,"template":"","format":"standard","meta":{"footnotes":""},"categories":[241],"tags":[3682],"class_list":{"0":"post-187505","1":"post","2":"type-post","3":"status-publish","4":"format-standard","5":"has-post-thumbnail","7":"category-aktualitet","8":"tag-lajme-zjarr-frrok-cupi-nxjerr-emrat-zjarr-tv"},"_links":{"self":[{"href":"https:\/\/zjarr.tv\/sq\/wp-json\/wp\/v2\/posts\/187505","targetHints":{"allow":["GET"]}}],"collection":[{"href":"https:\/\/zjarr.tv\/sq\/wp-json\/wp\/v2\/posts"}],"about":[{"href":"https:\/\/zjarr.tv\/sq\/wp-json\/wp\/v2\/types\/post"}],"author":[{"embeddable":true,"href":"https:\/\/zjarr.tv\/sq\/wp-json\/wp\/v2\/users\/2016"}],"replies":[{"embeddable":true,"href":"https:\/\/zjarr.tv\/sq\/wp-json\/wp\/v2\/comments?post=187505"}],"version-history":[{"count":0,"href":"https:\/\/zjarr.tv\/sq\/wp-json\/wp\/v2\/posts\/187505\/revisions"}],"wp:featuredmedia":[{"embeddable":true,"href":"https:\/\/zjarr.tv\/sq\/wp-json\/wp\/v2\/media\/187507"}],"wp:attachment":[{"href":"https:\/\/zjarr.tv\/sq\/wp-json\/wp\/v2\/media?parent=187505"}],"wp:term":[{"taxonomy":"category","embeddable":true,"href":"https:\/\/zjarr.tv\/sq\/wp-json\/wp\/v2\/categories?post=187505"},{"taxonomy":"post_tag","embeddable":true,"href":"https:\/\/zjarr.tv\/sq\/wp-json\/wp\/v2\/tags?post=187505"}],"curies":[{"name":"wp","href":"https:\/\/api.w.org\/{rel}","templated":true}]}}