{"id":187509,"date":"2021-06-09T14:34:39","date_gmt":"2021-06-09T12:34:39","guid":{"rendered":"https:\/\/zjarr.tv\/?p=187509"},"modified":"2021-06-09T15:04:51","modified_gmt":"2021-06-09T13:04:51","slug":"jenisheri-ben-gafen-e-radhes-une-dhe-kujtim-gjuzi-do-tu-dalim-per-zot-niperve-dhe-mbesave-pensioniste","status":"publish","type":"post","link":"https:\/\/zjarr.tv\/sq\/jenisheri-ben-gafen-e-radhes-une-dhe-kujtim-gjuzi-do-tu-dalim-per-zot-niperve-dhe-mbesave-pensioniste\/","title":{"rendered":"Jenisheri b\u00ebn gaf\u00ebn e radh\u00ebs: Un\u00eb dhe Kujtim Gjuzi, do t\u2019u dalim p\u00ebr zot nip\u00ebrve dhe mbesave pensionist\u00eb\u2026"},"content":{"rendered":"<p style=\"margin-top: 0in; background: white;\"><span style=\"color: #212529;\">Deputeti Selami Jenisheri, habiti me deklaratat e tij n\u00eb Kuvend teksa nxori nj\u00eb tjet\u00ebr tez\u00eb, p\u00ebr t\u00eb mb\u00ebshtetur shkarkimin e Presidentit duke deklaruar se ai shkeli kushtetut\u00ebn, duke mos shtyr\u00eb zgjedhjet. Jenishehri tha se Meta u mohoi t\u00eb drejt\u00ebn e vot\u00ebs emigrant\u00ebve. Ai b\u00ebri edhe nj\u00eb gaf\u00eb t\u00eb radh\u00ebs, kur tha se bashk\u00eb me Kujtim Gjuzin, do u dalin p\u00ebr Zot \u201cnip\u00ebrve dhe mbesave pensionist\u00eb\u201d.<\/span><\/p>\n<p style=\"margin-top: 0in; background: white; box-sizing: border-box; margin-bottom: 1rem; font-variant-ligatures: normal; font-variant-caps: normal; orphans: 2; widows: 2; -webkit-text-stroke-width: 0px; text-decoration-thickness: initial; text-decoration-style: initial; text-decoration-color: initial; word-spacing: 0px;\"><em style=\"box-sizing: border-box;\"><span style=\"color: #212529;\">\u201cSipas meje ai ka kryer shkelje t\u00eb r\u00ebnda t\u00eb Kushtetut\u00ebs si garant i saj q\u00eb \u00ebsht\u00eb. Presidenti n\u00eb fund t\u00eb prillit 2021 \u00ebsht\u00eb v\u00ebn\u00eb n\u00eb dijeni nga un\u00eb se nga ana e KQZ nuk \u00ebsht\u00eb kryer detyrimi ligjor p\u00ebr zbatimin e kodit zgjedhor se nuk mund t\u00eb votojn\u00eb 1 milion e 700 mij\u00eb emigrant\u00eb.\u00a0Presidenti duhet t\u00eb firmoste dekretin e shtyrjes s\u00eb zgjedhjeve duke mos qen\u00eb k\u00ebshtu garant i kushtetut\u00ebs. Presidenti me dashje e ka lejuar KQZ t\u00eb gaboj\u00eb n\u00eb zbatim t\u00eb kodit zgjedhor.\u00a0<\/span><\/em><\/p>\n<p style=\"margin-top: 0in; background: white; box-sizing: border-box; margin-bottom: 1rem; font-variant-ligatures: normal; font-variant-caps: normal; orphans: 2; widows: 2; -webkit-text-stroke-width: 0px; text-decoration-thickness: initial; text-decoration-style: initial; text-decoration-color: initial; word-spacing: 0px;\"><em style=\"box-sizing: border-box;\"><span style=\"color: #212529;\">\u00a0Presidenti u ka mohuar t\u00eb drejt\u00ebn p\u00ebr t\u00eb votuar emigrant\u00ebve. Koalicioni i Kujtim Gjuzit i \u00ebsht\u00eb drejtuar KQZ p\u00ebr t\u00eb mos sjell\u00eb pasoja t\u00eb tilla dhe \u00ebsht\u00eb anashkaluar. Ne do ta \u00e7ojm\u00eb n\u00eb Gjykat\u00eb Kushtetuese, ne koalicioni jon\u00eb me drejtuesin ton\u00eb Kujtim Gjuzi.<\/span><\/em><\/p>\n<p style=\"margin-top: 0in; background: white; box-sizing: border-box; margin-bottom: 1rem; font-variant-ligatures: normal; font-variant-caps: normal; orphans: 2; widows: 2; -webkit-text-stroke-width: 0px; text-decoration-thickness: initial; text-decoration-style: initial; text-decoration-color: initial; word-spacing: 0px;\"><em style=\"box-sizing: border-box;\"><span style=\"color: #212529;\">Do i dalim zot nipave dhe mbesave tona pensionist\u00eb q\u00eb u \u00ebsht\u00eb mohuar e drejta p\u00ebr t\u00eb votuar.\u00a0Emigrant\u00ebt jan\u00eb bijt\u00eb tan\u00eb dhe nuk i kemi l\u00ebn\u00eb t\u00eb votojn\u00eb duke u mohuar t\u00eb drejt\u00ebn kushtetuese. Pensionist\u00ebve u \u00ebsht\u00eb bler\u00eb vota. Jan\u00eb baballar\u00ebt tan\u00eb q\u00eb na ka pru n\u00eb k\u00ebt\u00eb bot\u00eb. Kan\u00eb punuar n\u00eb kaz\u00ebm dhe kan\u00eb kat\u00ebrdhjet\u00eb mij\u00eb lek\u00eb pension<\/span><\/em><span style=\"color: #212529;\">\u201d, tha ai.<\/span><\/p>\n","protected":false},"excerpt":{"rendered":"<p>Deputeti Selami Jenisheri, habiti me deklaratat e tij n\u00eb Kuvend teksa nxori nj\u00eb tjet\u00ebr tez\u00eb, p\u00ebr t\u00eb mb\u00ebshtetur shkarkimin e Presidentit duke deklaruar se ai shkeli kushtetut\u00ebn, duke mos shtyr\u00eb zgjedhjet. Jenishehri tha se Meta u mohoi t\u00eb drejt\u00ebn e vot\u00ebs emigrant\u00ebve. Ai b\u00ebri edhe nj\u00eb gaf\u00eb t\u00eb radh\u00ebs, kur tha se bashk\u00eb me Kujtim [&hellip;]<\/p>\n","protected":false},"author":2016,"featured_media":187511,"comment_status":"closed","ping_status":"closed","sticky":false,"template":"","format":"standard","meta":{"footnotes":""},"categories":[241],"tags":[3684],"class_list":{"0":"post-187509","1":"post","2":"type-post","3":"status-publish","4":"format-standard","5":"has-post-thumbnail","7":"category-aktualitet","8":"tag-lajme-zjarr-nuk-ndalet-jenisheri-zjarr-tv"},"_links":{"self":[{"href":"https:\/\/zjarr.tv\/sq\/wp-json\/wp\/v2\/posts\/187509","targetHints":{"allow":["GET"]}}],"collection":[{"href":"https:\/\/zjarr.tv\/sq\/wp-json\/wp\/v2\/posts"}],"about":[{"href":"https:\/\/zjarr.tv\/sq\/wp-json\/wp\/v2\/types\/post"}],"author":[{"embeddable":true,"href":"https:\/\/zjarr.tv\/sq\/wp-json\/wp\/v2\/users\/2016"}],"replies":[{"embeddable":true,"href":"https:\/\/zjarr.tv\/sq\/wp-json\/wp\/v2\/comments?post=187509"}],"version-history":[{"count":0,"href":"https:\/\/zjarr.tv\/sq\/wp-json\/wp\/v2\/posts\/187509\/revisions"}],"wp:featuredmedia":[{"embeddable":true,"href":"https:\/\/zjarr.tv\/sq\/wp-json\/wp\/v2\/media\/187511"}],"wp:attachment":[{"href":"https:\/\/zjarr.tv\/sq\/wp-json\/wp\/v2\/media?parent=187509"}],"wp:term":[{"taxonomy":"category","embeddable":true,"href":"https:\/\/zjarr.tv\/sq\/wp-json\/wp\/v2\/categories?post=187509"},{"taxonomy":"post_tag","embeddable":true,"href":"https:\/\/zjarr.tv\/sq\/wp-json\/wp\/v2\/tags?post=187509"}],"curies":[{"name":"wp","href":"https:\/\/api.w.org\/{rel}","templated":true}]}}