{"id":187524,"date":"2021-06-09T15:15:40","date_gmt":"2021-06-09T13:15:40","guid":{"rendered":"https:\/\/zjarr.tv\/?p=187524"},"modified":"2021-06-09T15:15:40","modified_gmt":"2021-06-09T13:15:40","slug":"deputetet-qe-nuk-moren-pjese-ne-seancen-per-shkarkimin-e-metes-mes-tyre-dhe-socialiste","status":"publish","type":"post","link":"https:\/\/zjarr.tv\/sq\/deputetet-qe-nuk-moren-pjese-ne-seancen-per-shkarkimin-e-metes-mes-tyre-dhe-socialiste\/","title":{"rendered":"Deputet\u00ebt q\u00eb nuk mor\u00ebn pjes\u00eb n\u00eb seanc\u00ebn p\u00ebr shkarkimin e Met\u00ebs, mes tyre dhe socialist\u00eb\u2026"},"content":{"rendered":"<p style=\"line-height: 19.5pt; background: white; margin: 0in 0in 18.75pt 0in;\"><span style=\"color: #2c2f34;\">Shtat\u00eb deputet\u00eb, kan\u00eb zgjedhur t\u00eb mos jen\u00eb n\u00eb sall\u00ebn e Parlamentit, k\u00ebt\u00eb t\u00eb m\u00ebrkur\u00eb p\u00ebr arsye q\u00eb nuk dihen.<\/span><\/p>\n<p style=\"margin: 0in; line-height: 19.5pt; background: white; outline: none; box-sizing: border-box; font-variant-ligatures: normal; font-variant-caps: normal; orphans: 2; text-align: start; widows: 2; -webkit-text-stroke-width: 0px; text-decoration-thickness: initial; text-decoration-style: initial; text-decoration-color: initial; word-spacing: 0px;\"><span style=\"color: #2c2f34;\">Ata jan\u00eb Olta Xha\u00e7ka, Amra Borova, Fidel Ylli, Rudina Hajdari, etj.<\/span><\/p>\n","protected":false},"excerpt":{"rendered":"<p>Shtat\u00eb deputet\u00eb, kan\u00eb zgjedhur t\u00eb mos jen\u00eb n\u00eb sall\u00ebn e Parlamentit, k\u00ebt\u00eb t\u00eb m\u00ebrkur\u00eb p\u00ebr arsye q\u00eb nuk dihen. Ata jan\u00eb Olta Xha\u00e7ka, Amra Borova, Fidel Ylli, Rudina Hajdari, etj.<\/p>\n","protected":false},"author":2016,"featured_media":187526,"comment_status":"closed","ping_status":"closed","sticky":false,"template":"","format":"standard","meta":{"footnotes":""},"categories":[241,1454],"tags":[3686],"class_list":{"0":"post-187524","1":"post","2":"type-post","3":"status-publish","4":"format-standard","5":"has-post-thumbnail","7":"category-aktualitet","8":"category-politike","9":"tag-lajme-zjarr-deputetet-zjarr-tv"},"_links":{"self":[{"href":"https:\/\/zjarr.tv\/sq\/wp-json\/wp\/v2\/posts\/187524","targetHints":{"allow":["GET"]}}],"collection":[{"href":"https:\/\/zjarr.tv\/sq\/wp-json\/wp\/v2\/posts"}],"about":[{"href":"https:\/\/zjarr.tv\/sq\/wp-json\/wp\/v2\/types\/post"}],"author":[{"embeddable":true,"href":"https:\/\/zjarr.tv\/sq\/wp-json\/wp\/v2\/users\/2016"}],"replies":[{"embeddable":true,"href":"https:\/\/zjarr.tv\/sq\/wp-json\/wp\/v2\/comments?post=187524"}],"version-history":[{"count":0,"href":"https:\/\/zjarr.tv\/sq\/wp-json\/wp\/v2\/posts\/187524\/revisions"}],"wp:featuredmedia":[{"embeddable":true,"href":"https:\/\/zjarr.tv\/sq\/wp-json\/wp\/v2\/media\/187526"}],"wp:attachment":[{"href":"https:\/\/zjarr.tv\/sq\/wp-json\/wp\/v2\/media?parent=187524"}],"wp:term":[{"taxonomy":"category","embeddable":true,"href":"https:\/\/zjarr.tv\/sq\/wp-json\/wp\/v2\/categories?post=187524"},{"taxonomy":"post_tag","embeddable":true,"href":"https:\/\/zjarr.tv\/sq\/wp-json\/wp\/v2\/tags?post=187524"}],"curies":[{"name":"wp","href":"https:\/\/api.w.org\/{rel}","templated":true}]}}