{"id":187527,"date":"2021-06-09T15:30:54","date_gmt":"2021-06-09T13:30:54","guid":{"rendered":"https:\/\/zjarr.tv\/?p=187527"},"modified":"2021-06-09T15:30:54","modified_gmt":"2021-06-09T13:30:54","slug":"te-zevendesohet-fjala-nene-julian-deda-i-pervishet-keq-komunitetit-lgbtqi-tentative-e-palacove-qe-ka-per-qellim-shkaterrimin-e-familjes-fjala-nene-jo-vetem-nuk-mund-te-zevendesoh","status":"publish","type":"post","link":"https:\/\/zjarr.tv\/sq\/te-zevendesohet-fjala-nene-julian-deda-i-pervishet-keq-komunitetit-lgbtqi-tentative-e-palacove-qe-ka-per-qellim-shkaterrimin-e-familjes-fjala-nene-jo-vetem-nuk-mund-te-zevendesoh\/","title":{"rendered":"T\u00eb z\u00ebvend\u00ebsohet fjala \u201cN\u00ebn\u00eb\u201d\/ Julian Deda i p\u00ebrvishet keq komunitetit LGBTQI: Tentativ\u00eb e pala\u00e7ove q\u00eb ka p\u00ebr q\u00ebllim shkat\u00ebrrimin e familjes, Fjala N\u00cbN\u00cb, jo vet\u00ebm nuk mund t\u00eb z\u00ebvend\u00ebsohet, por ne duhet ta ruajm\u00eb t\u00eb paprekshme dhe t\u00eb shtrenjt\u00eb\u2026"},"content":{"rendered":"<p style=\"background: white; margin: 0in 0in 19.5pt 0in;\"><span style=\"color: #222222;\">Pak dit\u00eb m\u00eb par\u00eb, komuniteti LGBTQI n\u00eb Angli, ka k\u00ebrkuar q\u00eb fjala \u201cN\u00ebn\u00eb\u201d t\u00eb mos p\u00ebrdoret\u00a0m\u00eb dhe t\u00eb zv\u00ebnd\u00ebsohet me fjal\u00ebn \u201cPrind q\u00eb ka lindur\u201d.<\/span><\/p>\n<p style=\"background: white; -webkit-tap-highlight-color: transparent !important; box-sizing: border-box; overflow-wrap: break-word; font-variant-ligatures: normal; font-variant-caps: normal; orphans: 2; widows: 2; -webkit-text-stroke-width: 0px; text-decoration-thickness: initial; text-decoration-style: initial; text-decoration-color: initial; word-spacing: 0px; margin: 0in 0in 19.5pt 0in;\"><span style=\"color: #222222;\">Kjo k\u00ebrkes\u00eb e tyre, ka shkaktuar mjaft debat dhe revolt\u00eb te qytetar\u00ebt, t\u00eb cil\u00ebt e konsiderojn\u00eb si nj\u00eb k\u00ebrkes\u00eb absurde.<\/span><\/p>\n<p style=\"background: white; -webkit-tap-highlight-color: transparent !important; box-sizing: border-box; overflow-wrap: break-word; font-variant-ligatures: normal; font-variant-caps: normal; orphans: 2; widows: 2; -webkit-text-stroke-width: 0px; text-decoration-thickness: initial; text-decoration-style: initial; text-decoration-color: initial; word-spacing: 0px; margin: 0in 0in 19.5pt 0in;\"><span style=\"color: #222222;\">Nj\u00eb prej tyre \u00ebsht\u00eb edhe aktori i njohur i humorit, Julian Deda , i cili s\u00eb fundmi ka reaguar n\u00ebp\u00ebrmjet nj\u00eb postimi n\u00eb rrjetet sociale, ku \u00ebsht\u00eb shprehur kategorisht kund\u00ebr k\u00ebsaj tentative t\u00eb \u201cpala\u00e7ove\u201d.<\/span><\/p>\n<p style=\"background: white; -webkit-tap-highlight-color: transparent !important; box-sizing: border-box; overflow-wrap: break-word; font-variant-ligatures: normal; font-variant-caps: normal; orphans: 2; widows: 2; -webkit-text-stroke-width: 0px; text-decoration-thickness: initial; text-decoration-style: initial; text-decoration-color: initial; word-spacing: 0px; margin: 0in 0in 19.5pt 0in;\"><span style=\"color: #222222;\">Deda nuk ka kursyer as fjal\u00ebt e ashpra p\u00ebr k\u00ebta persona, t\u00eb cil\u00ebt k\u00ebrkojn\u00eb z\u00ebv\u00ebnd\u00ebsimin e fjal\u00ebs \u201cN\u00ebn\u00eb\u201d, q\u00eb sipas tij \u00ebsht\u00eb fjala pa t\u00eb cil\u00ebn, nuk do t\u00eb kishim jet\u00eb.<\/span><\/p>\n<p style=\"background: white; -webkit-tap-highlight-color: transparent !important; box-sizing: border-box; overflow-wrap: break-word; font-variant-ligatures: normal; font-variant-caps: normal; orphans: 2; widows: 2; -webkit-text-stroke-width: 0px; text-decoration-thickness: initial; text-decoration-style: initial; text-decoration-color: initial; word-spacing: 0px; margin: 0in 0in 19.5pt 0in;\"><span style=\"color: #222222;\">\u00a0\u201cFjala NENE, jo vetem nuk mund te zevendesohet me asnje fjale tjeter, cilado qofte ajo, por ne duhet ta ruajme te paprekshme, te shtrenjte, ashtu si\u00e7 eshte per secilin nga ne. \u00c7do tentative e pala\u00e7ove dhe e letyrave per ta ndryshuar, ka per qellim shkaterrimin ne qelize te familjes si koncept, ligjerisht dhe moralisht. Nuk ka familje pa fjalen NENE, s\u2019ka jete pa te\u201d, shkruan Juli n\u00eb postimin e tij.<\/span><\/p>\n","protected":false},"excerpt":{"rendered":"<p>Pak dit\u00eb m\u00eb par\u00eb, komuniteti LGBTQI n\u00eb Angli, ka k\u00ebrkuar q\u00eb fjala \u201cN\u00ebn\u00eb\u201d t\u00eb mos p\u00ebrdoret\u00a0m\u00eb dhe t\u00eb zv\u00ebnd\u00ebsohet me fjal\u00ebn \u201cPrind q\u00eb ka lindur\u201d. Kjo k\u00ebrkes\u00eb e tyre, ka shkaktuar mjaft debat dhe revolt\u00eb te qytetar\u00ebt, t\u00eb cil\u00ebt e konsiderojn\u00eb si nj\u00eb k\u00ebrkes\u00eb absurde. Nj\u00eb prej tyre \u00ebsht\u00eb edhe aktori i njohur i humorit, [&hellip;]<\/p>\n","protected":false},"author":2016,"featured_media":187529,"comment_status":"closed","ping_status":"closed","sticky":false,"template":"","format":"standard","meta":{"footnotes":""},"categories":[241,193],"tags":[3687],"class_list":{"0":"post-187527","1":"post","2":"type-post","3":"status-publish","4":"format-standard","5":"has-post-thumbnail","7":"category-aktualitet","8":"category-showbiz","9":"tag-lajme-zjarr-deda-i-pervishet-keq-komunitetit-lgbtqi-zjarr-tv"},"_links":{"self":[{"href":"https:\/\/zjarr.tv\/sq\/wp-json\/wp\/v2\/posts\/187527","targetHints":{"allow":["GET"]}}],"collection":[{"href":"https:\/\/zjarr.tv\/sq\/wp-json\/wp\/v2\/posts"}],"about":[{"href":"https:\/\/zjarr.tv\/sq\/wp-json\/wp\/v2\/types\/post"}],"author":[{"embeddable":true,"href":"https:\/\/zjarr.tv\/sq\/wp-json\/wp\/v2\/users\/2016"}],"replies":[{"embeddable":true,"href":"https:\/\/zjarr.tv\/sq\/wp-json\/wp\/v2\/comments?post=187527"}],"version-history":[{"count":0,"href":"https:\/\/zjarr.tv\/sq\/wp-json\/wp\/v2\/posts\/187527\/revisions"}],"wp:featuredmedia":[{"embeddable":true,"href":"https:\/\/zjarr.tv\/sq\/wp-json\/wp\/v2\/media\/187529"}],"wp:attachment":[{"href":"https:\/\/zjarr.tv\/sq\/wp-json\/wp\/v2\/media?parent=187527"}],"wp:term":[{"taxonomy":"category","embeddable":true,"href":"https:\/\/zjarr.tv\/sq\/wp-json\/wp\/v2\/categories?post=187527"},{"taxonomy":"post_tag","embeddable":true,"href":"https:\/\/zjarr.tv\/sq\/wp-json\/wp\/v2\/tags?post=187527"}],"curies":[{"name":"wp","href":"https:\/\/api.w.org\/{rel}","templated":true}]}}