{"id":187542,"date":"2021-06-09T18:45:52","date_gmt":"2021-06-09T16:45:52","guid":{"rendered":"https:\/\/zjarr.tv\/?p=187542"},"modified":"2021-06-09T18:45:52","modified_gmt":"2021-06-09T16:45:52","slug":"zbulohet-axhenda-e-samitit-te-liderve-te-ballkanait-perendimor-neser-ne-tirane-i-pranishem-dhe-komisioneri-i-zgjerimit-varhelyi","status":"publish","type":"post","link":"https:\/\/zjarr.tv\/sq\/zbulohet-axhenda-e-samitit-te-liderve-te-ballkanait-perendimor-neser-ne-tirane-i-pranishem-dhe-komisioneri-i-zgjerimit-varhelyi\/","title":{"rendered":"Zbulohet axhenda e Samitit t\u00eb liderve t\u00eb Ballkanait Per\u00ebndimor nes\u00ebr n\u00eb Tiran\u00eb, i pranish\u00ebm dhe Komisioneri i Zgjerimit Varhelyi"},"content":{"rendered":"<p>Dit\u00ebn e nes\u00ebrme do t\u00eb mbahet n\u00eb Shqip\u00ebri\u00a0 Samitit i lider\u00ebve t\u00eb Ballkanit Per\u00ebndimor, ku i pranish\u00ebm do t\u00eb jet\u00eb dhe Komisioneri Europian i Zgjerimit Oliver Varhelyi.<\/p>\n<p>T\u00eb pranish\u00ebm do t\u00eb jen\u00eb kryeministrja serbe Bernabi\u00e7, kryeministri kosovar Albin Kurti, kryeministri maqedonas Zaev, president ii Malit t\u00eb Zi Djukanovi\u00e7, si dhe Sekretarja e P\u00ebrgjithshme e K\u00ebshillit p\u00ebr Bashk\u00ebpunim Rajonal, Majlinda Bregu, s\u00eb bashku me drejtorin e Sekretariatit t\u00eb CEFTA-s, Emir Djikic.<\/p>\n<p>Samiti do t\u00eb mbahet n\u00eb Pallatin e Brigadave ku fillimisht Rama do t\u00eb pres\u00eb kryetarin e K\u00ebshillit t\u00eb Ministrave t\u00eb Bosnj\u00ebs dhe Hercegovin\u00ebs, m\u00eb pas Komisionerin Europian p\u00ebr Zgjerimin.<\/p>\n<p>N\u00eb axhend\u00eb parashikohet se n\u00eb or\u00ebn 12:30 kryeministri Edi Rama do t\u00eb mbaj\u00eb nj\u00eb konferenc\u00eb t\u00eb p\u00ebrbashk\u00ebt me Komisionerin Varheleyi, nd\u00ebrsa n\u00eb 15:00 do t\u00eb n\u00ebnshkruhen marr\u00ebveshjet e p\u00ebrbashk\u00ebta.<\/p>\n<p>AXHENDA E SAMITIT T\u00cb TIRAN\u00cbS<\/p>\n<p>TIRANA SUMMIT<\/p>\n<p>Vendndodhja: Pallati i Brigadave<\/p>\n<p>09.30 \u2013 Takim Bilateral me Zoran Tegeltija, Kryetar i K\u00ebshillit t\u00eb Ministrave t\u00eb Bosnj\u00ebs dhe Hercegovin\u00ebs (FOTO + Kamera Zyrtare)<\/p>\n<p>10.00 \u2013 Takim Bilateral me Oliv\u00e9r V\u00e1rhelyi, Komisionerin Europian p\u00ebr Zgjerimin dhe Fqinj\u00ebsin\u00eb e Mir\u00eb (FOTO + Kamera Zyrtare)<\/p>\n<p>10.30 \u2013 Mb\u00ebrritja e delegacioneve (FOTO + Kamerat e akredituara t\u00eb vendosura n\u00eb oborrin p\u00ebrpara hyrjes)<\/p>\n<p>Oliv\u00e9r V\u00e1rhelyi, Komisioneri Europian<\/p>\n<p>Milo \u0110ukanovi\u0107, President i Malit t\u00eb Zi<\/p>\n<p>Brnabi\u0107, Kryeminist\u00ebr i Serbis\u00eb<\/p>\n<p>Albin Kurti, Kryeminist\u00ebr i Kosov\u00ebs<\/p>\n<p>Zoran Tegeltija, Kryetar i K\u00ebshillit t\u00eb Ministrave t\u00eb Bosnj\u00ebs dhe Hercegovin\u00ebs<\/p>\n<p>Zoran Zaev, Kryeminist\u00ebr i Maqedonis\u00eb s\u00eb Veriut<\/p>\n<p>Majlinda Bregu, Sekretar i P\u00ebrgjithsh\u00ebm i K\u00ebshillit p\u00ebr Bashk\u00ebpunim Rajonal<\/p>\n<p>Emir Djikic, Drejtor i Sekretariatit t\u00eb CEFTA<\/p>\n<p>Ljuba Siljanoska, Z\u00ebvend\u00ebs Drejtori i Sekretariatit t\u00eb P\u00ebrhersh\u00ebm t\u00eb organizat\u00ebs s\u00eb Traktatit t\u00eb Komunitetit t\u00eb Transportit<\/p>\n<p>11.00 \u2013 Seanca Plenare (FOTO + Kamera Zyrtare)<\/p>\n<p>12.30 \u2013 Foto Familjare (FOTO + Kamera Zyrtare)<\/p>\n<p>12.30 \u2013 Konferenc\u00eb p\u00ebr shtyp e Kryeministrit Edi Rama me Komisionerin Europian p\u00ebr Zgjerimin dhe Fqinj\u00ebsin\u00eb e Mir\u00eb, Oliv\u00e9r V\u00e1rhelyi (Regji Televizive + FOTO + Kamerat e akredituara)<\/p>\n<p>13.00 \u2013 Drek\u00eb Pune (FOTO + Kamera Zyrtare 3 minuta)<\/p>\n<p>15.00 \u2013 Firmosje e marr\u00ebveshjeve (Regji Televizive + FOTO + Kamera Zyrtare)<\/p>\n<p>15.15 \u2013 Ceremonia e inaugurimit t\u00eb Qendr\u00ebs s\u00eb Informimit Kulturor (FOTO + Kamera Zyrtare)<\/p>\n","protected":false},"excerpt":{"rendered":"<p>Dit\u00ebn e nes\u00ebrme do t\u00eb mbahet n\u00eb Shqip\u00ebri\u00a0 Samitit i lider\u00ebve t\u00eb Ballkanit Per\u00ebndimor, ku i pranish\u00ebm do t\u00eb jet\u00eb dhe Komisioneri Europian i Zgjerimit Oliver Varhelyi. T\u00eb pranish\u00ebm do t\u00eb jen\u00eb kryeministrja serbe Bernabi\u00e7, kryeministri kosovar Albin Kurti, kryeministri maqedonas Zaev, president ii Malit t\u00eb Zi Djukanovi\u00e7, si dhe Sekretarja e P\u00ebrgjithshme e K\u00ebshillit [&hellip;]<\/p>\n","protected":false},"author":2031,"featured_media":187543,"comment_status":"closed","ping_status":"closed","sticky":false,"template":"","format":"standard","meta":{"footnotes":""},"categories":[231],"tags":[],"class_list":{"0":"post-187542","1":"post","2":"type-post","3":"status-publish","4":"format-standard","5":"has-post-thumbnail","7":"category-lajme"},"_links":{"self":[{"href":"https:\/\/zjarr.tv\/sq\/wp-json\/wp\/v2\/posts\/187542","targetHints":{"allow":["GET"]}}],"collection":[{"href":"https:\/\/zjarr.tv\/sq\/wp-json\/wp\/v2\/posts"}],"about":[{"href":"https:\/\/zjarr.tv\/sq\/wp-json\/wp\/v2\/types\/post"}],"author":[{"embeddable":true,"href":"https:\/\/zjarr.tv\/sq\/wp-json\/wp\/v2\/users\/2031"}],"replies":[{"embeddable":true,"href":"https:\/\/zjarr.tv\/sq\/wp-json\/wp\/v2\/comments?post=187542"}],"version-history":[{"count":0,"href":"https:\/\/zjarr.tv\/sq\/wp-json\/wp\/v2\/posts\/187542\/revisions"}],"wp:featuredmedia":[{"embeddable":true,"href":"https:\/\/zjarr.tv\/sq\/wp-json\/wp\/v2\/media\/187543"}],"wp:attachment":[{"href":"https:\/\/zjarr.tv\/sq\/wp-json\/wp\/v2\/media?parent=187542"}],"wp:term":[{"taxonomy":"category","embeddable":true,"href":"https:\/\/zjarr.tv\/sq\/wp-json\/wp\/v2\/categories?post=187542"},{"taxonomy":"post_tag","embeddable":true,"href":"https:\/\/zjarr.tv\/sq\/wp-json\/wp\/v2\/tags?post=187542"}],"curies":[{"name":"wp","href":"https:\/\/api.w.org\/{rel}","templated":true}]}}