{"id":187568,"date":"2021-06-09T19:50:31","date_gmt":"2021-06-09T17:50:31","guid":{"rendered":"https:\/\/zjarr.tv\/?p=187568"},"modified":"2021-06-09T19:50:31","modified_gmt":"2021-06-09T17:50:31","slug":"qeveria-shenjestron-gjyqtarin-elidon-papazisi-po-jep-vendime-per-te-mbrojtur-ndertimet-pa-leje-klgj-te-marre-menjehere-masa-letra","status":"publish","type":"post","link":"https:\/\/zjarr.tv\/sq\/qeveria-shenjestron-gjyqtarin-elidon-papazisi-po-jep-vendime-per-te-mbrojtur-ndertimet-pa-leje-klgj-te-marre-menjehere-masa-letra\/","title":{"rendered":"Qeveria \u201csh\u00ebnjestron\u201d gjyqtarin Elidon Papazisi: Po jep vendime p\u00ebr t\u00eb mbrojtur nd\u00ebrtimet pa leje, KLGJ t\u00eb marr\u00eb menj\u00ebher\u00eb masa (LETRA)"},"content":{"rendered":"<p>Ministri i Brendsh\u00ebm Bledi \u00c7u\u00e7i u \u00ebsht\u00eb drejtuar me nj\u00eb let\u00ebr-k\u00ebrkes\u00eb Inspektorit t\u00eb Lart\u00eb t\u00eb Drejt\u00ebsis\u00eb (ILD), K\u00ebshillit t\u00eb Lart\u00eb Gjyq\u00ebsor (KLGJ) dhe dijeni Ministrit t\u00eb Drejt\u00ebsis\u00eb, ku shpreh shqet\u00ebsimin n\u00eb lidhje me disa vendime (sigurim padie) t\u00eb dh\u00ebna nga Elidon Papazisi, gjyqtari i Gjykat\u00ebs Administrative t\u00eb Shkall\u00ebs s\u00eb Par\u00eb, Gjirokast\u00ebr, q\u00eb sipas tij jan\u00eb b\u00ebr\u00eb shkak q\u00eb t\u00eb pengohet aksioni i IKMT dhe Policis\u00eb s\u00eb Shtetit, n\u00eb kuad\u00ebr t\u00eb operacionit kund\u00ebr nd\u00ebrtimeve t\u00eb paligjshme \u201cBregdeti yn\u00eb\u201d.<\/p>\n<p>N\u00eb letr\u00ebn e \u00c7u\u00e7it thuhet se gjat\u00eb dit\u00ebve t\u00eb fundit \u00ebsht\u00eb evidentuar emri i gjyqtarit, i cili kan\u00eb dh\u00ebn\u00eb vendime t\u00eb atilla, q\u00eb n\u00eb analiz\u00ebn dhe vler\u00ebsimin e strukturave te Ministris\u00eb s\u00eb Brendshme jan\u00eb n\u00eb kund\u00ebrshtim me parimet e drejt\u00ebsis\u00eb dhe n\u00eb thyerje t\u00eb ligjit.<\/p>\n<p>Kujtojm\u00eb se n\u00eb gusht t\u00eb 2019-\u00ebs, gjyqtari Elidon Papazisi ka qen\u00eb n\u00eb sh\u00ebnjest\u00ebr t\u00eb ministrit Erion Bra\u00e7e, i cili e ka akuzuar p\u00ebr mbrojtjen e disa bizneseve \u201cVIP\u201d q\u00eb kishin kryer evazion fiskal.<\/p>\n<p>\u201cGjykata Administrative e Shkall\u00ebs s\u00eb Par\u00eb Gjirokast\u00ebr ka pranuar pjes\u00ebrisht k\u00ebrkes\u00ebn e padit\u00ebsit p\u00ebr marrjen e mas\u00ebs s\u00eb sigurimit t\u00eb padis\u00eb pa u thelluar n\u00eb arsyetimin e saj dhe duke mos i dh\u00ebn\u00eb r\u00ebnd\u00ebsin\u00eb e duhur kund\u00ebrvajtjes s\u00eb nd\u00ebrtimit pa leje, duke pezulluar n\u00eb k\u00ebt\u00eb rast prishjen e nj\u00eb nd\u00ebrtimi t\u00eb kund\u00ebrligjsh\u00ebm\u201d, thuhet n\u00eb letr\u00ebn e ministrit \u00c7u\u00e7i, p\u00ebr nj\u00eb nga vendimet e gjyqtarit Papazisi.<\/p>\n<p>Ministri i Brendsh\u00ebm u k\u00ebrkon autoriteteve t\u00eb gjyq\u00ebsorit t\u00eb marrin n\u00eb shqyrtim dhe inspektojn\u00eb bazueshm\u00ebrin\u00eb n\u00eb ligj t\u00eb vendimeve t\u00eb gjyqtarit, t\u00eb cil\u00ebt l\u00ebn\u00eb vend edhe p\u00ebr dyshime se kan\u00eb pasur prirje n\u00eb favor t\u00eb interesave klienteliste.<\/p>\n<p>Ministria shpjegon se ekspert\u00ebt jurist\u00eb\u00a0 do t\u00eb shqyrtojn\u00eb me p\u00ebrpikm\u00ebri \u00e7do vendim t\u00eb marr\u00eb nga \u00e7do gjyqtar n\u00eb lidhje me k\u00ebt\u00eb aksion, n\u00ebse do bien ndesh me parimet e drejt\u00ebsis\u00eb dhe q\u00eb b\u00ebhen shkas p\u00ebr nxitjen e paligjshm\u00ebris\u00eb nga shtetas t\u00eb ndrysh\u00ebm.\/Newsbomb.al<\/p>\n","protected":false},"excerpt":{"rendered":"<p>Ministri i Brendsh\u00ebm Bledi \u00c7u\u00e7i u \u00ebsht\u00eb drejtuar me nj\u00eb let\u00ebr-k\u00ebrkes\u00eb Inspektorit t\u00eb Lart\u00eb t\u00eb Drejt\u00ebsis\u00eb (ILD), K\u00ebshillit t\u00eb Lart\u00eb Gjyq\u00ebsor (KLGJ) dhe dijeni Ministrit t\u00eb Drejt\u00ebsis\u00eb, ku shpreh shqet\u00ebsimin n\u00eb lidhje me disa vendime (sigurim padie) t\u00eb dh\u00ebna nga Elidon Papazisi, gjyqtari i Gjykat\u00ebs Administrative t\u00eb Shkall\u00ebs s\u00eb Par\u00eb, Gjirokast\u00ebr, q\u00eb sipas tij jan\u00eb [&hellip;]<\/p>\n","protected":false},"author":2031,"featured_media":187569,"comment_status":"closed","ping_status":"closed","sticky":false,"template":"","format":"standard","meta":{"footnotes":""},"categories":[231],"tags":[],"class_list":{"0":"post-187568","1":"post","2":"type-post","3":"status-publish","4":"format-standard","5":"has-post-thumbnail","7":"category-lajme"},"_links":{"self":[{"href":"https:\/\/zjarr.tv\/sq\/wp-json\/wp\/v2\/posts\/187568","targetHints":{"allow":["GET"]}}],"collection":[{"href":"https:\/\/zjarr.tv\/sq\/wp-json\/wp\/v2\/posts"}],"about":[{"href":"https:\/\/zjarr.tv\/sq\/wp-json\/wp\/v2\/types\/post"}],"author":[{"embeddable":true,"href":"https:\/\/zjarr.tv\/sq\/wp-json\/wp\/v2\/users\/2031"}],"replies":[{"embeddable":true,"href":"https:\/\/zjarr.tv\/sq\/wp-json\/wp\/v2\/comments?post=187568"}],"version-history":[{"count":0,"href":"https:\/\/zjarr.tv\/sq\/wp-json\/wp\/v2\/posts\/187568\/revisions"}],"wp:featuredmedia":[{"embeddable":true,"href":"https:\/\/zjarr.tv\/sq\/wp-json\/wp\/v2\/media\/187569"}],"wp:attachment":[{"href":"https:\/\/zjarr.tv\/sq\/wp-json\/wp\/v2\/media?parent=187568"}],"wp:term":[{"taxonomy":"category","embeddable":true,"href":"https:\/\/zjarr.tv\/sq\/wp-json\/wp\/v2\/categories?post=187568"},{"taxonomy":"post_tag","embeddable":true,"href":"https:\/\/zjarr.tv\/sq\/wp-json\/wp\/v2\/tags?post=187568"}],"curies":[{"name":"wp","href":"https:\/\/api.w.org\/{rel}","templated":true}]}}