{"id":187592,"date":"2021-06-10T07:49:18","date_gmt":"2021-06-10T05:49:18","guid":{"rendered":"https:\/\/zjarr.tv\/?p=187592"},"modified":"2021-06-10T07:49:18","modified_gmt":"2021-06-10T05:49:18","slug":"alket-hyseni-meta-u-shkarkua-nga-parlamenti-sepse-kishte-qellim-te-demtonte-ps","status":"publish","type":"post","link":"https:\/\/zjarr.tv\/sq\/alket-hyseni-meta-u-shkarkua-nga-parlamenti-sepse-kishte-qellim-te-demtonte-ps\/","title":{"rendered":"Alket Hyseni: Meta u shkarkua nga Parlamenti, sepse kishte q\u00ebllim t\u00eb d\u00ebmtonte PS\u2026"},"content":{"rendered":"<p>Deputeti i Partis\u00eb Socialiste, Alket Hyseni, ka folur me shkarkimin e Presidentit Ilir Meta nga Parlamenti. Hyseni n\u00eb \u201cOpinion\u201d, ku shpreh se Komisioni Hetimor, ka faktuar me prova konkrete shkeljet q\u00eb Meta ka b\u00ebr\u00eb ndaj Kushtetut\u00ebs s\u00eb vendit.<\/p>\n<p>Sipas tij, shkelja e Kushtetut\u00ebs nga ana e Presidentit, \u00ebsht\u00eb b\u00ebr\u00eb n\u00eb momentin q\u00eb ai ka akuzuar PS gjat\u00eb fushat\u00ebs zgjedhore t\u00eb 25 prillit. Deputeti argumentoi se Presidenti nuk mund t\u00eb b\u00ebhet pal\u00eb me partit\u00eb politike dhe nuk mund t\u00eb b\u00ebj thirrje p\u00ebr t\u00eb nxitur dhnun\u00eb.<\/p>\n<p><em style=\"font-weight: inherit;\">\u201cAty ka dhe element\u00eb q\u00eb mund ti shqyrtojn\u00eb organet e hetimit si\u00e7 jan\u00eb thirrjet p\u00ebr \u00a0nxitje urrejtje. P\u00ebrsa i p\u00ebrket\u00eb objektit t\u00eb hetim q\u00eb kishte t\u00eb b\u00ebnte me shkeljet e r\u00ebnda t\u00eb Kushtetuet\u00ebs, Komisioni Hetimor ka paraqitur nj\u00eb raport t\u00eb shoq\u00ebruar me prova konkrete t\u00eb cilat jan\u00eb shkresore, postime pamje filmime etj. Kominikem me institucione t\u00eb cilat faktojn\u00eb at\u00ebq\u00eb opinioni publik e ka shum\u00eb t\u00eb qart\u00eb q\u00eb presidenti ka shkelur Kushtetut\u00ebn. Presidenti p\u00ebr shkeljet e Kushtetut\u00ebs \u00ebsht\u00eb vet\u00ebm t\u00eb dal\u00eb nga roli se \u00e7far\u00eb do t\u00eb b\u00ebj\u00eb tjet\u00ebr. Presidentit t\u00eb republik\u00ebs i ndalohet t\u00eb marr\u00eb pjes\u00eb n\u00eb fushat\u00ebn zgjedhore t\u00eb mbaj\u00eb krah politke apo t\u00eb fyej apo denigroj\u00eb nj\u00eb parti politike. Kemi nj\u00eb vendim t\u00eb ngjash\u00ebm, \u00ebsht\u00eb vendimi i nj\u00eb prej vendeve m\u00eb demokratike n\u00eb bot\u00eb q\u00eb \u00ebsht\u00eb republika e Kores\u00eb s\u00eb Jugut, ku ka konstatuar se pjes\u00ebmarrja e Presidentit n\u00eb fushat\u00eb \u00ebsht\u00eb shkela e r\u00ebnd\u00eb e Kushtetut\u00ebs. Ne kemi hetuar dhe q\u00ebllimi i Presidenti ka qen\u00eb q\u00ebllim politik p\u00ebr t\u00eb d\u00ebmtuar mazhoranc\u00ebn, kjo \u00ebsht\u00eb faktuar nga Komisioni p\u00ebrmes konferencave t\u00eb tij p\u00ebr shtyp dhe postimeve. Ka raste, Lituani ka shkarkuar Presidentin e vendit t\u00eb vet. N\u00eb gjykimin tim Gjykata Kushtetuese nuk ka nj\u00eb afat konkret\u00eb sepse p\u00ebrsa i k\u00ebrkon shqyrtimin p\u00ebr procedur\u00ebn p\u00ebr Presidentit dhe brenda tre muajve duhet shqyrtoj\u00eb k\u00ebrkes\u00ebn\u201d,-<\/em>tha Hyseni.<\/p>\n","protected":false},"excerpt":{"rendered":"<p>Deputeti i Partis\u00eb Socialiste, Alket Hyseni, ka folur me shkarkimin e Presidentit Ilir Meta nga Parlamenti. Hyseni n\u00eb \u201cOpinion\u201d, ku shpreh se Komisioni Hetimor, ka faktuar me prova konkrete shkeljet q\u00eb Meta ka b\u00ebr\u00eb ndaj Kushtetut\u00ebs s\u00eb vendit. Sipas tij, shkelja e Kushtetut\u00ebs nga ana e Presidentit, \u00ebsht\u00eb b\u00ebr\u00eb n\u00eb momentin q\u00eb ai ka akuzuar [&hellip;]<\/p>\n","protected":false},"author":2016,"featured_media":187594,"comment_status":"closed","ping_status":"closed","sticky":false,"template":"","format":"standard","meta":{"footnotes":""},"categories":[241],"tags":[3692],"class_list":{"0":"post-187592","1":"post","2":"type-post","3":"status-publish","4":"format-standard","5":"has-post-thumbnail","7":"category-aktualitet","8":"tag-lajme-zjarr-alket-hyseni-flet-per-shkarkimin-e-metes-zjarr-tv"},"_links":{"self":[{"href":"https:\/\/zjarr.tv\/sq\/wp-json\/wp\/v2\/posts\/187592","targetHints":{"allow":["GET"]}}],"collection":[{"href":"https:\/\/zjarr.tv\/sq\/wp-json\/wp\/v2\/posts"}],"about":[{"href":"https:\/\/zjarr.tv\/sq\/wp-json\/wp\/v2\/types\/post"}],"author":[{"embeddable":true,"href":"https:\/\/zjarr.tv\/sq\/wp-json\/wp\/v2\/users\/2016"}],"replies":[{"embeddable":true,"href":"https:\/\/zjarr.tv\/sq\/wp-json\/wp\/v2\/comments?post=187592"}],"version-history":[{"count":0,"href":"https:\/\/zjarr.tv\/sq\/wp-json\/wp\/v2\/posts\/187592\/revisions"}],"wp:featuredmedia":[{"embeddable":true,"href":"https:\/\/zjarr.tv\/sq\/wp-json\/wp\/v2\/media\/187594"}],"wp:attachment":[{"href":"https:\/\/zjarr.tv\/sq\/wp-json\/wp\/v2\/media?parent=187592"}],"wp:term":[{"taxonomy":"category","embeddable":true,"href":"https:\/\/zjarr.tv\/sq\/wp-json\/wp\/v2\/categories?post=187592"},{"taxonomy":"post_tag","embeddable":true,"href":"https:\/\/zjarr.tv\/sq\/wp-json\/wp\/v2\/tags?post=187592"}],"curies":[{"name":"wp","href":"https:\/\/api.w.org\/{rel}","templated":true}]}}