{"id":187595,"date":"2021-06-10T07:57:39","date_gmt":"2021-06-10T05:57:39","guid":{"rendered":"https:\/\/zjarr.tv\/?p=187595"},"modified":"2021-06-10T07:57:39","modified_gmt":"2021-06-10T05:57:39","slug":"carlo-bollino-flet-per-shkarkimin-e-metes-duhej-te-jepte-doreheqjen-ai-humbi-besimin-e-deputeteve-qe-e-votuan","status":"publish","type":"post","link":"https:\/\/zjarr.tv\/sq\/carlo-bollino-flet-per-shkarkimin-e-metes-duhej-te-jepte-doreheqjen-ai-humbi-besimin-e-deputeteve-qe-e-votuan\/","title":{"rendered":"Carlo Bollino flet p\u00ebr shkarkimin e Met\u00ebs: Duhej t\u00eb jepte dor\u00ebheqjen, ai humbi besimin e deputet\u00ebve q\u00eb e votuan\u2026"},"content":{"rendered":"<p>Mbr\u00ebmjen e djeshme, analisti Carlo Bollino, \u00ebsht\u00eb shprehur n\u00eb emisionin \u201cOpen\u201d se; Presidenti duhej t\u00eb ishte dor\u00ebhequr, pasi deputet\u00ebt q\u00eb e vun\u00eb n\u00eb at\u00eb post e shkarkuan me shumic\u00eb t\u00eb cil\u00ebsuar.<\/p>\n<p>Ai thekson se ai humbi besimin e deputet\u00ebve t\u00eb cil\u00ebt votuan q\u00eb ai t\u00eb merrte postin e kreut t\u00eb par\u00eb t\u00eb shtetit.<\/p>\n<p><em>\u201cPas dit\u00ebs s\u00eb sotme ai duhej t\u00eb jepte dor\u00ebheqjen, sepse ai mban postin nga votimi i deputet\u00ebve q\u00eb e shkarkuan sot. Pavar\u00ebsisht faktit q\u00eb Kushtetuta parashikon t\u00eb tjera veprime. Shkarkimi politik erdhi nga shumica e cil\u00ebsuar. Mjafton shumica e cil\u00ebsuar p\u00ebr ta shkarkuar presidentin. Ai \u00ebsht\u00eb em\u00ebruar nga nj\u00eb forc\u00eb politike q\u00eb e vuri atje. Me \u00e7far\u00eb detyre morale q\u00ebndron atje<\/em>\u201d, u shpreh Bollino.<\/p>\n<p>&nbsp;<\/p>\n<p>&nbsp;<\/p>\n","protected":false},"excerpt":{"rendered":"<p>Mbr\u00ebmjen e djeshme, analisti Carlo Bollino, \u00ebsht\u00eb shprehur n\u00eb emisionin \u201cOpen\u201d se; Presidenti duhej t\u00eb ishte dor\u00ebhequr, pasi deputet\u00ebt q\u00eb e vun\u00eb n\u00eb at\u00eb post e shkarkuan me shumic\u00eb t\u00eb cil\u00ebsuar. Ai thekson se ai humbi besimin e deputet\u00ebve t\u00eb cil\u00ebt votuan q\u00eb ai t\u00eb merrte postin e kreut t\u00eb par\u00eb t\u00eb shtetit. \u201cPas dit\u00ebs [&hellip;]<\/p>\n","protected":false},"author":2016,"featured_media":187597,"comment_status":"closed","ping_status":"closed","sticky":false,"template":"","format":"standard","meta":{"footnotes":""},"categories":[241],"tags":[3693],"class_list":{"0":"post-187595","1":"post","2":"type-post","3":"status-publish","4":"format-standard","5":"has-post-thumbnail","7":"category-aktualitet","8":"tag-lajme-zjarr-bollino-flet-per-shkarkimin-e-metes-zjarr-tv"},"_links":{"self":[{"href":"https:\/\/zjarr.tv\/sq\/wp-json\/wp\/v2\/posts\/187595","targetHints":{"allow":["GET"]}}],"collection":[{"href":"https:\/\/zjarr.tv\/sq\/wp-json\/wp\/v2\/posts"}],"about":[{"href":"https:\/\/zjarr.tv\/sq\/wp-json\/wp\/v2\/types\/post"}],"author":[{"embeddable":true,"href":"https:\/\/zjarr.tv\/sq\/wp-json\/wp\/v2\/users\/2016"}],"replies":[{"embeddable":true,"href":"https:\/\/zjarr.tv\/sq\/wp-json\/wp\/v2\/comments?post=187595"}],"version-history":[{"count":0,"href":"https:\/\/zjarr.tv\/sq\/wp-json\/wp\/v2\/posts\/187595\/revisions"}],"wp:featuredmedia":[{"embeddable":true,"href":"https:\/\/zjarr.tv\/sq\/wp-json\/wp\/v2\/media\/187597"}],"wp:attachment":[{"href":"https:\/\/zjarr.tv\/sq\/wp-json\/wp\/v2\/media?parent=187595"}],"wp:term":[{"taxonomy":"category","embeddable":true,"href":"https:\/\/zjarr.tv\/sq\/wp-json\/wp\/v2\/categories?post=187595"},{"taxonomy":"post_tag","embeddable":true,"href":"https:\/\/zjarr.tv\/sq\/wp-json\/wp\/v2\/tags?post=187595"}],"curies":[{"name":"wp","href":"https:\/\/api.w.org\/{rel}","templated":true}]}}