{"id":187598,"date":"2021-06-10T08:08:10","date_gmt":"2021-06-10T06:08:10","guid":{"rendered":"https:\/\/zjarr.tv\/?p=187598"},"modified":"2021-06-10T08:08:10","modified_gmt":"2021-06-10T06:08:10","slug":"grida-duma-e-bindur-per-fitoren-e-bashes-njerezit-e-lidhin-sakrificen-e-tyre-me-sakrificen-e-tij","status":"publish","type":"post","link":"https:\/\/zjarr.tv\/sq\/grida-duma-e-bindur-per-fitoren-e-bashes-njerezit-e-lidhin-sakrificen-e-tyre-me-sakrificen-e-tij\/","title":{"rendered":"Grida Duma e bindur p\u00ebr fitoren e Bash\u00ebs: Njer\u00ebzit e lidhin sakrific\u00ebn e tyre me sakrific\u00ebn e tij\u2026"},"content":{"rendered":"<p style=\"background: white; margin: 0in 0in 19.5pt 0in;\"><span style=\"color: #222222;\">Deputetja e ardhshme e PD-s\u00eb n\u00eb Kuvendin e Shqip\u00ebris\u00eb, Grida Duma, ka folur p\u00ebr Zgjedhjet p\u00ebr kreun e Partis\u00eb Demkratike, t\u00eb cilat do t\u00eb mbahen n\u00eb 13 Qershor. <\/span><span style=\"color: #222222;\">Ajo tha se gara brenda PD-s\u00eb, u p\u00ebrshpejtua dhe nuk u prit t\u00eb b\u00ebhej nj\u00eb analiz\u00eb, duke theksuar se nuk u zvog\u00eblua koha p\u00ebr gar\u00ebn brenda Partis\u00eb.<\/span><\/p>\n<p style=\"background: white; -webkit-tap-highlight-color: transparent !important; box-sizing: border-box; overflow-wrap: break-word; font-variant-ligatures: normal; font-variant-caps: normal; orphans: 2; widows: 2; -webkit-text-stroke-width: 0px; text-decoration-thickness: initial; text-decoration-style: initial; text-decoration-color: initial; word-spacing: 0px; margin: 0in 0in 19.5pt 0in;\"><span style=\"color: #222222;\">Duma u shpreh e bindur se zgjedhjet do t\u2019i fitoj\u00eb Basha, pasi demokrat\u00ebt kan\u00eb lidhur sakrific\u00ebn e tyre me sakrific\u00ebn e tij.<\/span><\/p>\n<p style=\"background: white; -webkit-tap-highlight-color: transparent !important; box-sizing: border-box; overflow-wrap: break-word; font-variant-ligatures: normal; font-variant-caps: normal; orphans: 2; widows: 2; -webkit-text-stroke-width: 0px; text-decoration-thickness: initial; text-decoration-style: initial; text-decoration-color: initial; word-spacing: 0px; margin: 0in 0in 19.5pt 0in;\"><strong style=\"-webkit-tap-highlight-color: transparent !important; box-sizing: border-box;\"><span style=\"color: #222222;\">Pyetje:<\/span><\/strong><span style=\"color: #222222;\">\u00a0Faj\u00ebsimi p\u00ebr rezultatin e zgjedhjeve, si e shihni gar\u00ebn brenda n\u00eb PD?<\/span><\/p>\n<p style=\"background: white; -webkit-tap-highlight-color: transparent !important; box-sizing: border-box; overflow-wrap: break-word; font-variant-ligatures: normal; font-variant-caps: normal; orphans: 2; widows: 2; -webkit-text-stroke-width: 0px; text-decoration-thickness: initial; text-decoration-style: initial; text-decoration-color: initial; word-spacing: 0px; margin: 0in 0in 19.5pt 0in;\"><strong style=\"-webkit-tap-highlight-color: transparent !important; box-sizing: border-box;\"><span style=\"color: #222222;\">Duma:<\/span><\/strong><span style=\"color: #222222;\">\u00a0<i>Momenti p\u00ebr t\u00eb zhvilluar g\u00ebr\u00ebn n\u00eb PD u p\u00ebrcaktua nga at\u00eb q\u00eb k\u00ebrkuan menj\u00ebher\u00eb t\u00eb zhvillohej gara dhe p\u00ebr sa koh\u00eb nuk u prit q\u00eb t\u00eb nxirrej nj\u00eb rezultat i p\u00ebraf\u00ebrt dhe t\u00eb vendosej nj\u00eb analiz\u00eb e caktuar, ose nj\u00eb q\u00ebndrim i brendsh\u00ebm i PD mbi plot\u00eb element. P\u00ebr sa koh\u00eb nuk u prit p\u00ebr k\u00ebt\u00eb analiz\u00eb, besoj se vendimarrja e K\u00ebshillit Komb\u00ebtar dhe p\u00ebrshpejtimi me 3 jav\u00eb, ka qen\u00eb nj\u00eb koh\u00eb dyjavore, thjesht \u00ebsht\u00eb p\u00ebrshpejtuar nj\u00eb moment, nuk \u00ebsht\u00eb zvog\u00ebluar koha.<\/i><\/span><\/p>\n<p style=\"background: white; -webkit-tap-highlight-color: transparent !important; box-sizing: border-box; overflow-wrap: break-word; font-variant-ligatures: normal; font-variant-caps: normal; orphans: 2; widows: 2; -webkit-text-stroke-width: 0px; text-decoration-thickness: initial; text-decoration-style: initial; text-decoration-color: initial; word-spacing: 0px; margin: 0in 0in 19.5pt 0in;\"><strong style=\"-webkit-tap-highlight-color: transparent !important; box-sizing: border-box;\"><span style=\"color: #222222;\">Pyetje:<\/span><\/strong><span style=\"color: #222222;\">\u00a0P\u00ebrse duhet votuar prap\u00eb Basha?<\/span><\/p>\n<p style=\"background: white; -webkit-tap-highlight-color: transparent !important; box-sizing: border-box; overflow-wrap: break-word; font-variant-ligatures: normal; font-variant-caps: normal; orphans: 2; widows: 2; -webkit-text-stroke-width: 0px; text-decoration-thickness: initial; text-decoration-style: initial; text-decoration-color: initial; word-spacing: 0px; margin: 0in 0in 19.5pt 0in;\"><strong style=\"-webkit-tap-highlight-color: transparent !important; box-sizing: border-box;\"><span style=\"color: #222222;\">Duma:<\/span><\/strong><span style=\"color: #222222;\">\u00a0<i>Un\u00eb e shoh si nj\u00eb njeri q\u00eb t\u00eb jemi brenda dhe jasht\u00eb kutis\u00eb son\u00eb. Un\u00eb kam konfilktin e interesit q\u00eb jam brenda PD dhe nuk kam luksin ta shoh nga jasht\u00eb. Un\u00eb e kuptoj se \u00e7\u2019a ka ndodhur me demokrat\u00ebt, q\u00eb jan\u00eb p\u00ebrfshir\u00eb n\u00eb fushat\u00eb dhe jasht\u00eb \u00e7do pushteti arrit\u00ebn rezultat. Un\u00eb e di q\u00eb kush m\u00eb d\u00ebgjon tani, duan t\u00eb d\u00ebgjojn\u00eb t\u00eb flisja p\u00ebr fitore, por kjo nuk \u00ebsht\u00eb e thjesht\u00eb e th\u00ebn\u00eb nga un\u00eb. E di sa t\u00eb trisht\u00eb jan\u00eb q\u00eb nuk ndodhi ndryshimi, nuk dua t\u00eb them q\u00eb PD nuk erdhi n\u00eb pushtet. E di se pas disa muash do t\u00eb ndajm\u00eb faktet nga analizat e tjera. Nuk b\u00ebnim dot asgj\u00eb n\u00ebse q\u00ebndrestaria dhe besnik\u00ebria nuk do ishte deri n\u00eb fund. Ka rr\u00ebshqitur p\u00ebr element pushteti, vjen nj\u00eb moment q\u00eb dit\u00ebn e pest\u00eb t\u00eb rezultatit statistikor vendosesh pran\u00eb faktit q\u00eb ti nuk b\u00ebre gj\u00ebn\u00eb e duhur. Ata lidhen shum\u00eb me kryetarin. P\u00ebr sa koh\u00eb kjo organizat\u00eb e ka ndjer\u00eb k\u00ebt\u00eb koh\u00eb, e shoh se \u00e7far\u00eb \u00ebsht\u00eb bashkimi i tyre me kryetarin e organizat\u00ebs. \u00cbsht\u00eb e paarsyeshme q\u00eb n\u00eb nj\u00eb moment t\u00eb v\u00ebshtir\u00eb t\u00eb ndash sakrific\u00ebn e tyre nga gjith\u00e7ka tjet\u00ebr. Ata q\u00eb punuan n\u00eb k\u00ebt\u00eb koh\u00eb, duket sikur Basha do t\u00eb fitoj\u00eb zgjedhjet. Po do i fitoj\u00eb zgjedhjet, sepse demokrat\u00ebt kan\u00eb lidhur sakrific\u00ebn e tyre me sakrific\u00ebn e tij.<\/i><\/span><\/p>\n","protected":false},"excerpt":{"rendered":"<p>Deputetja e ardhshme e PD-s\u00eb n\u00eb Kuvendin e Shqip\u00ebris\u00eb, Grida Duma, ka folur p\u00ebr Zgjedhjet p\u00ebr kreun e Partis\u00eb Demkratike, t\u00eb cilat do t\u00eb mbahen n\u00eb 13 Qershor. Ajo tha se gara brenda PD-s\u00eb, u p\u00ebrshpejtua dhe nuk u prit t\u00eb b\u00ebhej nj\u00eb analiz\u00eb, duke theksuar se nuk u zvog\u00eblua koha p\u00ebr gar\u00ebn brenda Partis\u00eb. [&hellip;]<\/p>\n","protected":false},"author":2016,"featured_media":187600,"comment_status":"closed","ping_status":"closed","sticky":false,"template":"","format":"standard","meta":{"footnotes":""},"categories":[241,1454],"tags":[3694],"class_list":{"0":"post-187598","1":"post","2":"type-post","3":"status-publish","4":"format-standard","5":"has-post-thumbnail","7":"category-aktualitet","8":"category-politike","9":"tag-lajme-zjarr-duma-e-bindur-per-fitoren-e-bashes-zjarr-tv"},"_links":{"self":[{"href":"https:\/\/zjarr.tv\/sq\/wp-json\/wp\/v2\/posts\/187598","targetHints":{"allow":["GET"]}}],"collection":[{"href":"https:\/\/zjarr.tv\/sq\/wp-json\/wp\/v2\/posts"}],"about":[{"href":"https:\/\/zjarr.tv\/sq\/wp-json\/wp\/v2\/types\/post"}],"author":[{"embeddable":true,"href":"https:\/\/zjarr.tv\/sq\/wp-json\/wp\/v2\/users\/2016"}],"replies":[{"embeddable":true,"href":"https:\/\/zjarr.tv\/sq\/wp-json\/wp\/v2\/comments?post=187598"}],"version-history":[{"count":0,"href":"https:\/\/zjarr.tv\/sq\/wp-json\/wp\/v2\/posts\/187598\/revisions"}],"wp:featuredmedia":[{"embeddable":true,"href":"https:\/\/zjarr.tv\/sq\/wp-json\/wp\/v2\/media\/187600"}],"wp:attachment":[{"href":"https:\/\/zjarr.tv\/sq\/wp-json\/wp\/v2\/media?parent=187598"}],"wp:term":[{"taxonomy":"category","embeddable":true,"href":"https:\/\/zjarr.tv\/sq\/wp-json\/wp\/v2\/categories?post=187598"},{"taxonomy":"post_tag","embeddable":true,"href":"https:\/\/zjarr.tv\/sq\/wp-json\/wp\/v2\/tags?post=187598"}],"curies":[{"name":"wp","href":"https:\/\/api.w.org\/{rel}","templated":true}]}}