{"id":187606,"date":"2021-06-10T08:36:52","date_gmt":"2021-06-10T06:36:52","guid":{"rendered":"https:\/\/zjarr.tv\/?p=187606"},"modified":"2021-06-10T08:36:52","modified_gmt":"2021-06-10T06:36:52","slug":"genc-pollo-reagon-per-shkarkimin-e-metes-qesharak-dhe-antikushtetues-rilindasit-vazhdojne-marshimin-drejt-shtetkapjes","status":"publish","type":"post","link":"https:\/\/zjarr.tv\/sq\/genc-pollo-reagon-per-shkarkimin-e-metes-qesharak-dhe-antikushtetues-rilindasit-vazhdojne-marshimin-drejt-shtetkapjes\/","title":{"rendered":"Genc Pollo reagon p\u00ebr shkarkimin e Met\u00ebs: Qesharak dhe antikushtetues, rilindasit vazhdojn\u00eb marshimin drejt shtetkapjes"},"content":{"rendered":"<p>Ish-deputeti demokrat, Genc Pollo, e ka cil\u00ebsuar shkarkimin e Presidentit Meta nga Kuvendi, si nj\u00eb veprim qesharak dhe me p\u00ebrmbajtje antikushtetuese.<\/p>\n<p>\u2018Veprim qesharak me p\u00ebmbajtje antikushtetuese i nj\u00eb legjislature tashm\u00eb ilegjitime.<\/p>\n<p>Rilindist\u00ebt vazhdojn\u00eb marshimin e madh p\u00ebr shtetkapje. Por besoj me k\u00ebt\u00eb do t\u00eb d\u00ebshtojn\u00eb.<\/p>\n<p>#ShkarkimiIPresidentitEsht\u00ebIlegjitim\u2019<\/p>\n<p>&nbsp;<\/p>\n","protected":false},"excerpt":{"rendered":"<p>Ish-deputeti demokrat, Genc Pollo, e ka cil\u00ebsuar shkarkimin e Presidentit Meta nga Kuvendi, si nj\u00eb veprim qesharak dhe me p\u00ebrmbajtje antikushtetuese. \u2018Veprim qesharak me p\u00ebmbajtje antikushtetuese i nj\u00eb legjislature tashm\u00eb ilegjitime. Rilindist\u00ebt vazhdojn\u00eb marshimin e madh p\u00ebr shtetkapje. Por besoj me k\u00ebt\u00eb do t\u00eb d\u00ebshtojn\u00eb. #ShkarkimiIPresidentitEsht\u00ebIlegjitim\u2019 &nbsp;<\/p>\n","protected":false},"author":2016,"featured_media":187608,"comment_status":"closed","ping_status":"closed","sticky":false,"template":"","format":"standard","meta":{"footnotes":""},"categories":[1],"tags":[3696],"class_list":{"0":"post-187606","1":"post","2":"type-post","3":"status-publish","4":"format-standard","5":"has-post-thumbnail","7":"category-uncategorized-sq","8":"tag-lajme-zjarr-pollo-reagon-per-shkarkimin-e-metes-zjarr-tv"},"_links":{"self":[{"href":"https:\/\/zjarr.tv\/sq\/wp-json\/wp\/v2\/posts\/187606","targetHints":{"allow":["GET"]}}],"collection":[{"href":"https:\/\/zjarr.tv\/sq\/wp-json\/wp\/v2\/posts"}],"about":[{"href":"https:\/\/zjarr.tv\/sq\/wp-json\/wp\/v2\/types\/post"}],"author":[{"embeddable":true,"href":"https:\/\/zjarr.tv\/sq\/wp-json\/wp\/v2\/users\/2016"}],"replies":[{"embeddable":true,"href":"https:\/\/zjarr.tv\/sq\/wp-json\/wp\/v2\/comments?post=187606"}],"version-history":[{"count":0,"href":"https:\/\/zjarr.tv\/sq\/wp-json\/wp\/v2\/posts\/187606\/revisions"}],"wp:featuredmedia":[{"embeddable":true,"href":"https:\/\/zjarr.tv\/sq\/wp-json\/wp\/v2\/media\/187608"}],"wp:attachment":[{"href":"https:\/\/zjarr.tv\/sq\/wp-json\/wp\/v2\/media?parent=187606"}],"wp:term":[{"taxonomy":"category","embeddable":true,"href":"https:\/\/zjarr.tv\/sq\/wp-json\/wp\/v2\/categories?post=187606"},{"taxonomy":"post_tag","embeddable":true,"href":"https:\/\/zjarr.tv\/sq\/wp-json\/wp\/v2\/tags?post=187606"}],"curies":[{"name":"wp","href":"https:\/\/api.w.org\/{rel}","templated":true}]}}