{"id":187609,"date":"2021-06-10T08:47:57","date_gmt":"2021-06-10T06:47:57","guid":{"rendered":"https:\/\/zjarr.tv\/?p=187609"},"modified":"2021-06-10T08:47:57","modified_gmt":"2021-06-10T06:47:57","slug":"plarent-ndreca-meta-nuk-dekreton-qeverine-e-re-nese-gjykata-kushtetuese-nuk-e-shkarkon","status":"publish","type":"post","link":"https:\/\/zjarr.tv\/sq\/plarent-ndreca-meta-nuk-dekreton-qeverine-e-re-nese-gjykata-kushtetuese-nuk-e-shkarkon\/","title":{"rendered":"Plarent Ndreca: Meta nuk dekreton qeverin\u00eb e re, n\u00ebse Gjykata Kushtetuese nuk e shkarkon\u2026"},"content":{"rendered":"<p>Fati i Ilir Met\u00ebs si President, tani \u00ebsht\u00eb n\u00eb dor\u00ebn e Gjykat\u00ebs Kushtetuese. N\u00eb rast se trupa gjykuese vendos t\u00eb rr\u00ebzoj\u00eb vendimin e Parlamentit p\u00ebr shkarkimin e tij, juristi Plarent Ndreca, parashikon nj\u00eb klim\u00eb edhe m\u00eb t\u00eb trazuar politike.<\/p>\n<p>N\u00eb nj\u00eb intervist\u00eb p\u00ebr edicionin qendror t\u00eb lajmeve n\u00eb \u201cVizion Plus\u201d, Ndreca tha se n\u00eb k\u00ebt\u00eb rast Meta rrezikon t\u00eb mos dekretoj\u00eb qeverin\u00eb e re n\u00eb Shtator.<\/p>\n<p style=\"font-style: inherit; font-weight: inherit;\"><strong style=\"font-style: inherit;\">\u201cN\u00ebse nuk e shkarkon, Gjykata Kushtetuese ka marr\u00eb mbi shpatullat e saj nj\u00eb barr\u00eb t\u00eb r\u00ebnd\u00eb dhe ka futur n\u00eb nj\u00eb kriz\u00eb t\u00eb r\u00ebnd\u00eb vijuese shtetin shqiptar. N\u00eb k\u00ebt\u00eb m\u00ebnyr\u00eb, godet institucionin e Parlamentit. N\u00ebse vendos k\u00ebshtu, legjitimon t\u00eb gjitha veprimet antikushtetuese t\u00eb presidentit dhe ndryshon Kushtetut\u00ebn. Me k\u00ebt\u00eb \u00e7menduri q\u00eb ka vijuar, \u00e7menduri ligjore, konsensuale, presidenti nuk do t\u00eb ket\u00eb ndalim m\u00eb pas, n\u00ebse i legjitimohet veprimtaria nga Gjykata Kushtetuesse. Ne mund t\u00eb presim gjith\u00e7ka nga ky president. Prandaj duhej vendimi p\u00ebr shkarkimin e tij. Do t\u00eb futet n\u00eb nj\u00eb kriz\u00eb t\u00eb r\u00ebnd\u00eb vendi dhe do t\u2019i dal\u00eb p\u00ebrball\u00eb shumic\u00ebs shqiptare q\u00eb kan\u00eb votuar p\u00ebr Partin\u00eb Socialiste. Synimi i tij \u00ebsht\u00eb goditja sa m\u00eb shum\u00eb e k\u00ebsaj mazhorance.\u201d<\/strong><\/p>\n<p>N\u00eb rastin kur Gjykata Kushtetuese vendos gjithashtu p\u00ebr shkarkimin e Met\u00ebs, Plarent Ndreca shpjegoi sesi dekretohet qeveria e re. Ai deklaroi se n\u00eb k\u00ebt\u00eb rast kryetari i ri i Kuvendit, b\u00ebhet President n\u00eb detyr\u00eb dhe kryen funksionet e Presidentit, deri n\u00eb Zgjedhjen e emrit t\u00eb ri.<\/p>\n<p>&nbsp;<\/p>\n","protected":false},"excerpt":{"rendered":"<p>Fati i Ilir Met\u00ebs si President, tani \u00ebsht\u00eb n\u00eb dor\u00ebn e Gjykat\u00ebs Kushtetuese. N\u00eb rast se trupa gjykuese vendos t\u00eb rr\u00ebzoj\u00eb vendimin e Parlamentit p\u00ebr shkarkimin e tij, juristi Plarent Ndreca, parashikon nj\u00eb klim\u00eb edhe m\u00eb t\u00eb trazuar politike. N\u00eb nj\u00eb intervist\u00eb p\u00ebr edicionin qendror t\u00eb lajmeve n\u00eb \u201cVizion Plus\u201d, Ndreca tha se n\u00eb k\u00ebt\u00eb [&hellip;]<\/p>\n","protected":false},"author":2016,"featured_media":187611,"comment_status":"closed","ping_status":"closed","sticky":false,"template":"","format":"standard","meta":{"footnotes":""},"categories":[241,1454],"tags":[3697],"class_list":{"0":"post-187609","1":"post","2":"type-post","3":"status-publish","4":"format-standard","5":"has-post-thumbnail","7":"category-aktualitet","8":"category-politike","9":"tag-lajme-zjarr-plarent-ndreca-zjarr-tv"},"_links":{"self":[{"href":"https:\/\/zjarr.tv\/sq\/wp-json\/wp\/v2\/posts\/187609","targetHints":{"allow":["GET"]}}],"collection":[{"href":"https:\/\/zjarr.tv\/sq\/wp-json\/wp\/v2\/posts"}],"about":[{"href":"https:\/\/zjarr.tv\/sq\/wp-json\/wp\/v2\/types\/post"}],"author":[{"embeddable":true,"href":"https:\/\/zjarr.tv\/sq\/wp-json\/wp\/v2\/users\/2016"}],"replies":[{"embeddable":true,"href":"https:\/\/zjarr.tv\/sq\/wp-json\/wp\/v2\/comments?post=187609"}],"version-history":[{"count":0,"href":"https:\/\/zjarr.tv\/sq\/wp-json\/wp\/v2\/posts\/187609\/revisions"}],"wp:featuredmedia":[{"embeddable":true,"href":"https:\/\/zjarr.tv\/sq\/wp-json\/wp\/v2\/media\/187611"}],"wp:attachment":[{"href":"https:\/\/zjarr.tv\/sq\/wp-json\/wp\/v2\/media?parent=187609"}],"wp:term":[{"taxonomy":"category","embeddable":true,"href":"https:\/\/zjarr.tv\/sq\/wp-json\/wp\/v2\/categories?post=187609"},{"taxonomy":"post_tag","embeddable":true,"href":"https:\/\/zjarr.tv\/sq\/wp-json\/wp\/v2\/tags?post=187609"}],"curies":[{"name":"wp","href":"https:\/\/api.w.org\/{rel}","templated":true}]}}