{"id":187612,"date":"2021-06-10T09:10:47","date_gmt":"2021-06-10T07:10:47","guid":{"rendered":"https:\/\/zjarr.tv\/?p=187612"},"modified":"2021-06-10T09:10:47","modified_gmt":"2021-06-10T07:10:47","slug":"kongresi-i-ps-te-air-albania-arben-malaj-shperthen-ndaj-partise-socialiste-e-turpshme-per-socialistet-e-thjeshte-dhe-te-ndershem-as-kim-jong-u-nuk-ka-arritur-deri-ketu","status":"publish","type":"post","link":"https:\/\/zjarr.tv\/sq\/kongresi-i-ps-te-air-albania-arben-malaj-shperthen-ndaj-partise-socialiste-e-turpshme-per-socialistet-e-thjeshte-dhe-te-ndershem-as-kim-jong-u-nuk-ka-arritur-deri-ketu\/","title":{"rendered":"Kongresi i PS te \u201cAir Albania\u201d\/ Arben Malaj shp\u00ebrthen ndaj Partis\u00eb Socialiste: E turpshme p\u00ebr Socialist\u00ebt e thjesht\u00eb dhe t\u00eb ndersh\u00ebm, as Kim Jong -u nuk ka arritur deri k\u00ebtu\u2026"},"content":{"rendered":"<p>Ish-ministri Arben Malaj, e quan nj\u00eb lajm t\u00eb turpsh\u00ebm, at\u00eb t\u00eb mbajtjes s\u00eb Kongresit t\u00eb Partis\u00eb Socialiste, n\u00eb ambientet e stadiumit \u201cAir Albania\u201d.<\/p>\n<p>N\u00eb nj\u00eb postim n\u00eb rrjetet sociale, Malaj shkruan se; as Partia Komuniste e Kin\u00ebs, q\u00eb p\u00ebrfaq\u00ebson 1.4 miliard\u00eb banor\u00eb, nuk i ka shkuar derim\u00eb tani n\u00eb mendje q\u00eb t\u00eb mbaj\u00eb Kongres n\u00eb ambientet e stadiumit, nd\u00ebrsa shton se kjo \u00ebsht\u00eb nj\u00eb situat\u00eb kritike sesi keqpwrdoret besimi nga p\u00ebrfaq\u00ebsuesit e popullit.<\/p>\n<p><strong>Postimi i plot\u00eb i Malajt:<\/strong><\/p>\n<p><em>Kongres apo miting brohorrites pas zgjedhjeve qe nuk e zgjidhen lakun e deshtimeve te perseritura ne procesin dhe perspektiven euro-atlantike. <\/em><em>Jane ftuar vetem per te degjuar dhe duar trokitur me ovacione ? <\/em><em>Kongres te jashtezakonshem ne stadium?? <\/em><em>I pa nevojshem dhe turperonjese per socialistet e thjeshte dhe te ndershem. <\/em><em>As Orban, as Erdo\u011fan, por as Fidel Kastro apo Kim Jung,lideri I Korese se Veriut \u2013 nuk kane mbritur deri ketu. <\/em><em>Edhe partia komuniste e Kines qe perfaqeson 1.4 miliarde banore nuk ka bere deri sot kongres partie ne stadiume. <\/em><em>Si ka mundesi qe Rilindja qe \u201cperfaqeson\u201d nje popullesi ne tkurje me m\u00eb pak se 3 miljon banore, bene kongres te jashtezakonshem ne stadium?!<\/em><\/p>\n<p><em>Keqardhje per situaten kritike ku ka arritur nenshtrimi I verber i \u201cperfaqesuesve\u201d te popullit dhe te partise ndaj disa rilindasve parafabrikate arrogante, te babezitur, te korruptuar dhe te kapur nga oligarket. <\/em><em>Keta oligarke po keq-perdorin jo pak deputet\u00eb dhe qeveritar\u00eb si manikina qe i levizin sipas interesave te tyre per perfitime abzuive dhe varferonjese per shqiptaret. <\/em><em>Ne kete rast vlen me shume se kurre mesimi qe presidenti Jefferson i jepte djalit te tij se ne jete ka edhe fitore turperonjese.<\/em><\/p>\n<p><em>Kapja e shtetit e demton demokracine dhe sigurine si te shqiptareve, te SHBA dhe BE m\u00eb shum\u00eb se cdo form tjeter e korrupsionit. <\/em><em>Kjo eshte sfide shume e veshtire por pa e fituar luften kunder pandershkueshmerise paqja e qendrueshme dhe siguria \u2013 jo vetem ne Ballkanin Perendimore do te jene risk.<\/em><\/p>\n<p><em>Dite te nbare!<\/em><\/p>\n<p>&nbsp;<\/p>\n","protected":false},"excerpt":{"rendered":"<p>Ish-ministri Arben Malaj, e quan nj\u00eb lajm t\u00eb turpsh\u00ebm, at\u00eb t\u00eb mbajtjes s\u00eb Kongresit t\u00eb Partis\u00eb Socialiste, n\u00eb ambientet e stadiumit \u201cAir Albania\u201d. N\u00eb nj\u00eb postim n\u00eb rrjetet sociale, Malaj shkruan se; as Partia Komuniste e Kin\u00ebs, q\u00eb p\u00ebrfaq\u00ebson 1.4 miliard\u00eb banor\u00eb, nuk i ka shkuar derim\u00eb tani n\u00eb mendje q\u00eb t\u00eb mbaj\u00eb Kongres n\u00eb [&hellip;]<\/p>\n","protected":false},"author":2016,"featured_media":187614,"comment_status":"closed","ping_status":"closed","sticky":false,"template":"","format":"standard","meta":{"footnotes":""},"categories":[241],"tags":[3698],"class_list":{"0":"post-187612","1":"post","2":"type-post","3":"status-publish","4":"format-standard","5":"has-post-thumbnail","7":"category-aktualitet","8":"tag-lajme-zjarr-arben-malaj-shperthen-ndaj-ps-zjarr-tv"},"_links":{"self":[{"href":"https:\/\/zjarr.tv\/sq\/wp-json\/wp\/v2\/posts\/187612","targetHints":{"allow":["GET"]}}],"collection":[{"href":"https:\/\/zjarr.tv\/sq\/wp-json\/wp\/v2\/posts"}],"about":[{"href":"https:\/\/zjarr.tv\/sq\/wp-json\/wp\/v2\/types\/post"}],"author":[{"embeddable":true,"href":"https:\/\/zjarr.tv\/sq\/wp-json\/wp\/v2\/users\/2016"}],"replies":[{"embeddable":true,"href":"https:\/\/zjarr.tv\/sq\/wp-json\/wp\/v2\/comments?post=187612"}],"version-history":[{"count":0,"href":"https:\/\/zjarr.tv\/sq\/wp-json\/wp\/v2\/posts\/187612\/revisions"}],"wp:featuredmedia":[{"embeddable":true,"href":"https:\/\/zjarr.tv\/sq\/wp-json\/wp\/v2\/media\/187614"}],"wp:attachment":[{"href":"https:\/\/zjarr.tv\/sq\/wp-json\/wp\/v2\/media?parent=187612"}],"wp:term":[{"taxonomy":"category","embeddable":true,"href":"https:\/\/zjarr.tv\/sq\/wp-json\/wp\/v2\/categories?post=187612"},{"taxonomy":"post_tag","embeddable":true,"href":"https:\/\/zjarr.tv\/sq\/wp-json\/wp\/v2\/tags?post=187612"}],"curies":[{"name":"wp","href":"https:\/\/api.w.org\/{rel}","templated":true}]}}