{"id":187654,"date":"2021-06-10T12:56:09","date_gmt":"2021-06-10T10:56:09","guid":{"rendered":"https:\/\/zjarr.tv\/?p=187654"},"modified":"2021-06-10T12:56:09","modified_gmt":"2021-06-10T10:56:09","slug":"eshte-me-rendesi-te-madhe-qe-te-mesojme-per-origjinen-e-koronavirusit-presidentja-e-ke-kerkon-hetim-per-burimin-e-covid-19","status":"publish","type":"post","link":"https:\/\/zjarr.tv\/sq\/eshte-me-rendesi-te-madhe-qe-te-mesojme-per-origjinen-e-koronavirusit-presidentja-e-ke-kerkon-hetim-per-burimin-e-covid-19\/","title":{"rendered":"\u201c\u00cbsht\u00eb me r\u00ebnd\u00ebsi t\u00eb madhe q\u00eb t\u00eb m\u00ebsojm\u00eb p\u00ebr origjin\u00ebn e koronavirusit\u201d, presidentja e KE k\u00ebrkon hetim p\u00ebr \u201cburimin\u201d e Covid-19"},"content":{"rendered":"<p style=\"background: white; margin: 0in 0in 19.5pt 0in;\">Presidentja e Komisionit Evropian, Ursula von der Leyen ka k\u00ebrkuar q\u00eb t\u00eb b\u00ebhen hetime t\u00eb nevojshme p\u00ebr t\u00eb gjetur origjin\u00ebn e Covid-19. Sipas saj, hetuesit duhet t\u00eb ken\u00eb akses t\u00eb plot\u00eb n\u00eb vendet q\u00eb mund t\u00eb hedhin drit\u00eb mbi k\u00ebt\u00eb rast.<\/p>\n<p style=\"background: white; -webkit-tap-highlight-color: transparent !important; box-sizing: border-box; overflow-wrap: break-word; font-variant-ligatures: normal; font-variant-caps: normal; orphans: 2; widows: 2; -webkit-text-stroke-width: 0px; text-decoration-thickness: initial; text-decoration-style: initial; text-decoration-color: initial; word-spacing: 0px; margin: 0in 0in 19.5pt 0in;\">\u201c\u00cbsht\u00eb me r\u00ebnd\u00ebsi t\u00eb madhe q\u00eb t\u00eb m\u00ebsojm\u00eb p\u00ebr origjin\u00ebn e koronavirusit\u201d, tha von der Leyen n\u00eb nj\u00eb konferenc\u00eb shtypi p\u00ebrpara samit t\u00eb G7 n\u00eb Britani. \u201cHetuesit kan\u00eb nevoj\u00eb p\u00ebr qasje t\u00eb plot\u00eb n\u00eb gjith\u00e7ka q\u00eb \u00ebsht\u00eb e nevojshme p\u00ebr t\u00eb gjetur me t\u00eb v\u00ebrtet\u00eb burimin e k\u00ebsaj pandemie\u201d, shtoi ajo.<\/p>\n<p style=\"background: white; -webkit-tap-highlight-color: transparent !important; box-sizing: border-box; overflow-wrap: break-word; font-variant-ligatures: normal; font-variant-caps: normal; orphans: 2; widows: 2; -webkit-text-stroke-width: 0px; text-decoration-thickness: initial; text-decoration-style: initial; text-decoration-color: initial; word-spacing: 0px; margin: 0in 0in 19.5pt 0in;\">Pak jav\u00eb m\u00eb par\u00eb, eksperti i lart\u00eb amerikan i s\u00ebmundjeve infektive, Anthony Fauci i b\u00ebri thirrje Kin\u00ebs q\u00eb t\u00eb l\u00ebshoj\u00eb t\u00eb dh\u00ebnat mjek\u00ebsore t\u00eb n\u00ebnt\u00eb personave, s\u00ebmundjet e t\u00eb cil\u00ebve mund t\u00eb sigurojn\u00eb t\u00eb dh\u00ebna t\u00eb r\u00ebnd\u00ebsishme n\u00ebse COVID-19 u shfaq p\u00ebr her\u00eb t\u00eb par\u00eb si nj\u00eb \u201crrjedhje\u201d nga nj\u00eb laborator.<\/p>\n<p style=\"background: white; -webkit-tap-highlight-color: transparent !important; box-sizing: border-box; overflow-wrap: break-word; font-variant-ligatures: normal; font-variant-caps: normal; orphans: 2; widows: 2; -webkit-text-stroke-width: 0px; text-decoration-thickness: initial; text-decoration-style: initial; text-decoration-color: initial; word-spacing: 0px; margin: 0in 0in 19.5pt 0in;\">Edhe presidenti Joe Biden k\u00ebrkoi q\u00eb t\u00eb hetohet p\u00ebr covid-19, p\u00ebr t\u00eb zbuluar n\u00ebse ai v\u00ebrtet \u00ebsht\u00eb krijuar n\u00eb laborator. Shkenc\u00ebtar\u00ebt dhe zyrtar\u00ebt kinez\u00eb vazhdimisht kan\u00eb hedhur posht\u00eb hipotez\u00ebn e daljes s\u00eb virusit nga nj\u00eb laborator.<\/p>\n<p style=\"background: white; -webkit-tap-highlight-color: transparent !important; box-sizing: border-box; overflow-wrap: break-word; font-variant-ligatures: normal; font-variant-caps: normal; orphans: 2; widows: 2; -webkit-text-stroke-width: 0px; text-decoration-thickness: initial; text-decoration-style: initial; text-decoration-color: initial; word-spacing: 0px; margin: 0in 0in 19.5pt 0in;\">K\u00ebta t\u00eb fundit kan\u00eb deklaruar se virusi mund t\u00eb ket\u00eb qarkulluar n\u00eb rajone t\u00eb tjera para se t\u00eb godiste \u00cbuhan-in dhe madje mund t\u00eb ket\u00eb hyr\u00eb n\u00eb Kin\u00eb p\u00ebrmes d\u00ebrgesave t\u00eb importuara t\u00eb ushqimeve t\u00eb ngrira ose tregtis\u00eb.<\/p>\n","protected":false},"excerpt":{"rendered":"<p>Presidentja e Komisionit Evropian, Ursula von der Leyen ka k\u00ebrkuar q\u00eb t\u00eb b\u00ebhen hetime t\u00eb nevojshme p\u00ebr t\u00eb gjetur origjin\u00ebn e Covid-19. Sipas saj, hetuesit duhet t\u00eb ken\u00eb akses t\u00eb plot\u00eb n\u00eb vendet q\u00eb mund t\u00eb hedhin drit\u00eb mbi k\u00ebt\u00eb rast. \u201c\u00cbsht\u00eb me r\u00ebnd\u00ebsi t\u00eb madhe q\u00eb t\u00eb m\u00ebsojm\u00eb p\u00ebr origjin\u00ebn e koronavirusit\u201d, tha von [&hellip;]<\/p>\n","protected":false},"author":2030,"featured_media":187657,"comment_status":"closed","ping_status":"closed","sticky":false,"template":"","format":"standard","meta":{"footnotes":""},"categories":[241,191],"tags":[],"class_list":{"0":"post-187654","1":"post","2":"type-post","3":"status-publish","4":"format-standard","5":"has-post-thumbnail","7":"category-aktualitet","8":"category-bota"},"_links":{"self":[{"href":"https:\/\/zjarr.tv\/sq\/wp-json\/wp\/v2\/posts\/187654","targetHints":{"allow":["GET"]}}],"collection":[{"href":"https:\/\/zjarr.tv\/sq\/wp-json\/wp\/v2\/posts"}],"about":[{"href":"https:\/\/zjarr.tv\/sq\/wp-json\/wp\/v2\/types\/post"}],"author":[{"embeddable":true,"href":"https:\/\/zjarr.tv\/sq\/wp-json\/wp\/v2\/users\/2030"}],"replies":[{"embeddable":true,"href":"https:\/\/zjarr.tv\/sq\/wp-json\/wp\/v2\/comments?post=187654"}],"version-history":[{"count":0,"href":"https:\/\/zjarr.tv\/sq\/wp-json\/wp\/v2\/posts\/187654\/revisions"}],"wp:featuredmedia":[{"embeddable":true,"href":"https:\/\/zjarr.tv\/sq\/wp-json\/wp\/v2\/media\/187657"}],"wp:attachment":[{"href":"https:\/\/zjarr.tv\/sq\/wp-json\/wp\/v2\/media?parent=187654"}],"wp:term":[{"taxonomy":"category","embeddable":true,"href":"https:\/\/zjarr.tv\/sq\/wp-json\/wp\/v2\/categories?post=187654"},{"taxonomy":"post_tag","embeddable":true,"href":"https:\/\/zjarr.tv\/sq\/wp-json\/wp\/v2\/tags?post=187654"}],"curies":[{"name":"wp","href":"https:\/\/api.w.org\/{rel}","templated":true}]}}