{"id":187656,"date":"2021-06-10T13:04:11","date_gmt":"2021-06-10T11:04:11","guid":{"rendered":"https:\/\/zjarr.tv\/?p=187656"},"modified":"2021-06-10T13:05:12","modified_gmt":"2021-06-10T11:05:12","slug":"situata-brenda-selise-blu-behet-me-e-nxehte-jemin-gjana-komunikon-vendimin-me-te-fundit","status":"publish","type":"post","link":"https:\/\/zjarr.tv\/sq\/situata-brenda-selise-blu-behet-me-e-nxehte-jemin-gjana-komunikon-vendimin-me-te-fundit\/","title":{"rendered":"Situata brenda selis\u00eb blu b\u00ebhet m\u00eb e nxeht\u00eb\/ Jemin Gjana komunikon vendimin m\u00eb t\u00eb fundit\u2026"},"content":{"rendered":"<p>Kryekomisioneri i PD-s\u00eb Jemin Gjana, u shpreh sot n\u00eb emisionin \u2018Breaking\u2019 se nes\u00ebr n\u00eb or\u00ebn 10, PD do t\u00eb hapw sistemin e listave t\u00eb an\u00ebtar\u00ebsis\u00eb dhe do printohen dhe do ua p\u00ebrcjellim komisioneve.<\/p>\n<p>Ai shtoi se ata q\u00eb ka b\u00ebr\u00eb fushat\u00eb dhe jan\u00eb larguar n\u00eb parti t\u00eb tjera n\u00eb fushat\u00ebn e fundit, nuk do jen\u00eb pjes\u00eb e votimit t\u00eb k\u00ebsaj here.<\/p>\n<p><em style=\"font-weight: inherit;\"> \u201cKomisioni dhe un\u00eb e ndjekim n\u00eb baz\u00eb t\u00eb pro\u00e7edurash, pothuajse t\u00eb gjitha gj\u00ebrat jan\u00eb t\u00eb gatshme dhe po ndajm\u00eb flet\u00ebt e votimit. Nes\u00ebr n\u00eb or\u00ebn 10 do t\u00eb hapim sistemin e listave t\u00eb an\u00ebtar\u00ebsis\u00eb dhe do printohen dhe do ua p\u00ebrcjellim komisioneve. Kush ka b\u00ebr\u00eb fushat\u00eb dhe jan\u00eb larguar n\u00eb parti t\u00eb tjera n\u00eb fushat\u00ebn e fundit nuk do jen\u00eb pjes\u00eb e votimit t\u00eb k\u00ebsaj here. 99 % e an\u00ebtar\u00ebsis\u00eb s\u00eb parties demokratike jan\u00eb pran\u00eb tyre, nj\u00eb grup i vog\u00ebl do ket\u00eb penalitet. Kandidat\u00ebt kan\u00eb detyrimin ti ftojn\u00eb q\u00eb t\u00eb krijojn\u00eb sa m\u00eb shum\u00eb kushte, pabarazia do t\u00eb kishte n\u00ebse nuk do kishte p\u00ebrfaq\u00ebsi n\u00eb institucione. <\/em><\/p>\n<p><em style=\"font-weight: inherit;\">Nuk ishte e nevojshme p\u00ebr zgjedhje kaq shpejt. Kam qen\u00eb gjat\u00eb n\u00eb parlament shkarkimi Met\u00ebs \u00ebsht\u00eb nj\u00eb loj\u00eb politike, aty ndodhen ca numra kartonash dhe b\u00ebn\u00eb ata q\u00eb desh\u00ebn. Askush nuk \u00ebsht\u00eb kund\u00ebr nd\u00ebshkimit, kundrejt fakteve dhe t\u00eb dh\u00ebnave t\u00eb shpresojm\u00eb q\u00eb nuk jan\u00eb selective, ne i respektojm\u00eb SHBA\u201d,<\/em>\u00a0\u2013 u shpreh Gjana.<\/p>\n","protected":false},"excerpt":{"rendered":"<p>Kryekomisioneri i PD-s\u00eb Jemin Gjana, u shpreh sot n\u00eb emisionin \u2018Breaking\u2019 se nes\u00ebr n\u00eb or\u00ebn 10, PD do t\u00eb hapw sistemin e listave t\u00eb an\u00ebtar\u00ebsis\u00eb dhe do printohen dhe do ua p\u00ebrcjellim komisioneve. Ai shtoi se ata q\u00eb ka b\u00ebr\u00eb fushat\u00eb dhe jan\u00eb larguar n\u00eb parti t\u00eb tjera n\u00eb fushat\u00ebn e fundit, nuk do jen\u00eb [&hellip;]<\/p>\n","protected":false},"author":2016,"featured_media":187661,"comment_status":"closed","ping_status":"closed","sticky":false,"template":"","format":"standard","meta":{"footnotes":""},"categories":[241,1454],"tags":[3706],"class_list":{"0":"post-187656","1":"post","2":"type-post","3":"status-publish","4":"format-standard","5":"has-post-thumbnail","7":"category-aktualitet","8":"category-politike","9":"tag-lajme-zjarr-jemin-gjana-zjarr-tv"},"_links":{"self":[{"href":"https:\/\/zjarr.tv\/sq\/wp-json\/wp\/v2\/posts\/187656","targetHints":{"allow":["GET"]}}],"collection":[{"href":"https:\/\/zjarr.tv\/sq\/wp-json\/wp\/v2\/posts"}],"about":[{"href":"https:\/\/zjarr.tv\/sq\/wp-json\/wp\/v2\/types\/post"}],"author":[{"embeddable":true,"href":"https:\/\/zjarr.tv\/sq\/wp-json\/wp\/v2\/users\/2016"}],"replies":[{"embeddable":true,"href":"https:\/\/zjarr.tv\/sq\/wp-json\/wp\/v2\/comments?post=187656"}],"version-history":[{"count":0,"href":"https:\/\/zjarr.tv\/sq\/wp-json\/wp\/v2\/posts\/187656\/revisions"}],"wp:featuredmedia":[{"embeddable":true,"href":"https:\/\/zjarr.tv\/sq\/wp-json\/wp\/v2\/media\/187661"}],"wp:attachment":[{"href":"https:\/\/zjarr.tv\/sq\/wp-json\/wp\/v2\/media?parent=187656"}],"wp:term":[{"taxonomy":"category","embeddable":true,"href":"https:\/\/zjarr.tv\/sq\/wp-json\/wp\/v2\/categories?post=187656"},{"taxonomy":"post_tag","embeddable":true,"href":"https:\/\/zjarr.tv\/sq\/wp-json\/wp\/v2\/tags?post=187656"}],"curies":[{"name":"wp","href":"https:\/\/api.w.org\/{rel}","templated":true}]}}