{"id":187671,"date":"2021-06-10T13:53:41","date_gmt":"2021-06-10T11:53:41","guid":{"rendered":"https:\/\/zjarr.tv\/?p=187671"},"modified":"2021-06-10T13:53:41","modified_gmt":"2021-06-10T11:53:41","slug":"rama-konference-me-komisionerin-varhelyi-ceshtjet-e-diskutuara-gjate-samitit-dhe-menyra-sesi-do-behet-levizja-e-lire-e-qytetareve-ne-bashkimin-europian","status":"publish","type":"post","link":"https:\/\/zjarr.tv\/sq\/rama-konference-me-komisionerin-varhelyi-ceshtjet-e-diskutuara-gjate-samitit-dhe-menyra-sesi-do-behet-levizja-e-lire-e-qytetareve-ne-bashkimin-europian\/","title":{"rendered":"Rama konferenc\u00eb me komisionerin Varhelyi\/ \u00c7\u00ebshtjet e diskutuara gjat\u00eb Samitit dhe m\u00ebnyra sesi do b\u00ebhet l\u00ebvizja e lir\u00eb e qytetar\u00ebve n\u00eb Bashkimin Europian"},"content":{"rendered":"<p style=\"line-height: 19.5pt; background: white; margin: 0in 0in 18.75pt 0in;\">Kryeminsitri Edi Rama<\/p>\n<p style=\"line-height: 19.5pt; background: white; outline: none; box-sizing: border-box; font-variant-ligatures: normal; font-variant-caps: normal; orphans: 2; text-align: start; widows: 2; -webkit-text-stroke-width: 0px; text-decoration-thickness: initial; text-decoration-style: initial; text-decoration-color: initial; word-spacing: 0px; margin: 0in 0in 18.75pt 0in;\">\u201cDy arsye p\u00ebrse jemi t\u00eb k\u00ebnaqur me pranin\u00eb e komisionerit Oliver Varlehyi. S\u00eb pari sepse t\u00eb gjith\u00eb s\u00eb bashku jemi mbledhur p\u00ebr t\u00eb shtyr\u00eb p\u00ebrpara nj\u00eb proces q\u00eb nuk ka r\u00ebnd\u00ebsi sesi e quan nj\u00ebri apo tjetri po ka si q\u00ebllim t\u00eb coj\u00eb p\u00ebrpara politikat europiane n\u00eb rajonin ton\u00eb.<\/p>\n<p style=\"line-height: 19.5pt; background: white; outline: none; box-sizing: border-box; font-variant-ligatures: normal; font-variant-caps: normal; orphans: 2; text-align: start; widows: 2; -webkit-text-stroke-width: 0px; text-decoration-thickness: initial; text-decoration-style: initial; text-decoration-color: initial; word-spacing: 0px; margin: 0in 0in 18.75pt 0in;\">Ky proces \u00ebsht\u00eb i mb\u00ebshtetur tashm\u00eb nga nj\u00eb plan ekonomik q\u00eb nga volumi i fondeve t\u00eb v\u00ebna n\u00eb dispozicion p\u00ebr p\u00ebrmir\u00ebsimin e infrastruktur\u00ebs rrugore, hekurudhore, portuale t\u00eb nd\u00ebrlidhshm\u00ebris\u00eb t\u00eb sektorit t\u00eb energjis\u00eb dhe digjitalizimit, p\u00ebrb\u00ebn l\u00ebvizjen m\u00eb t\u00eb madhe historike t\u00eb Bashkimit Europian n\u00eb drejtim t\u00eb Ballkanit Per\u00ebndimor. Ishte k\u00ebnaq\u00ebsi sepse m\u00eb n\u00eb fund takimi nuk ishte virtual sepse ne kemi mund\u00ebsi t\u00eb mir\u00ebpresim miqt\u00eb tan\u00eb pa masa sht\u00ebrnguese. M\u00eb vjen mir\u00eb q\u00eb komisioneri maskat e Brukslit i hoqi n\u00eb Tiran\u00eb. Gj\u00ebrat tanim\u00eb jan\u00eb konkrete, ky \u00ebsht\u00eb nj\u00eb nga ato momente ku BE e ka b\u00ebr\u00eb t\u00eb vet\u00ebn plot\u00ebsisht, na takon ne t\u00eb b\u00ebjm\u00eb at\u00eb q\u00eb duhet t\u00eb b\u00ebjm\u00eb.<\/p>\n<p style=\"line-height: 19.5pt; background: white; outline: none; box-sizing: border-box; font-variant-ligatures: normal; font-variant-caps: normal; orphans: 2; text-align: start; widows: 2; -webkit-text-stroke-width: 0px; text-decoration-thickness: initial; text-decoration-style: initial; text-decoration-color: initial; word-spacing: 0px; margin: 0in 0in 18.75pt 0in;\">Nuk diskutohet q\u00eb ne kemi qen\u00eb q\u00eb n\u00eb momentin e par\u00eb dhe mbetemi t\u00eb pal\u00ebkundur n\u00eb bindjen ton\u00eb se projekti i atij q\u00eb un\u00eb e quaj Shengeni Rajonal, \u00ebsht\u00eb nj\u00eb projekt strategjik me p\u00ebrfitime t\u00eb jasht\u00ebzakonshme ekonomike sociale por edhe politike. M\u00eb vjen mir\u00eb q\u00eb kohezioni me BE \u00ebsht\u00eb i plot\u00eb. Procesi i Berlinit \u00ebsht\u00eb zanafilla dhe tani jemi n\u00eb faz\u00ebn ku ne po e zot\u00ebrojm\u00eb k\u00ebt\u00eb proces.<\/p>\n<p style=\"line-height: 19.5pt; background: white; outline: none; box-sizing: border-box; font-variant-ligatures: normal; font-variant-caps: normal; orphans: 2; text-align: start; widows: 2; -webkit-text-stroke-width: 0px; text-decoration-thickness: initial; text-decoration-style: initial; text-decoration-color: initial; word-spacing: 0px; margin: 0in 0in 18.75pt 0in;\">D\u00ebshiroj q\u00eb takimi i 5 korrikut t\u00eb jet\u00eb i fundit q\u00eb b\u00ebhet n\u00eb formatin e deritanish\u00ebm dhe viteve n\u00eb vijim t\u00eb b\u00ebhet nj\u00eb format q\u00eb t\u00eb ket\u00eb edhe vendet e Ballkanit Per\u00ebndimor. E fundit, nd\u00ebrkoh\u00eb ne kemi vendosur paralelisht me cfar\u00eb lidhet me plain, edhe nj\u00eb s\u00ebr\u00eb pikash ambicioze p\u00ebr t\u00eb nd\u00ebrlidhur progresin e b\u00ebr\u00eb s\u00eb brendshmi n\u00eb rajonin ton\u00eb.<\/p>\n<p style=\"margin: 0in; margin-bottom: .0001pt; line-height: 19.5pt; background: white; outline: none; box-sizing: border-box; font-variant-ligatures: normal; font-variant-caps: normal; orphans: 2; text-align: start; widows: 2; -webkit-text-stroke-width: 0px; text-decoration-thickness: initial; text-decoration-style: initial; text-decoration-color: initial; word-spacing: 0px;\">Do t\u00eb thot\u00eb n\u00ebse ne k\u00ebtu b\u00ebjm\u00eb hapa t\u00eb jet\u00ebsimit t\u00eb lejimit t\u00eb 4 pikave nga Bashkimit Europian, q\u00ebllimi \u00ebsht\u00eb q\u00eb k\u00ebto t\u00eb na hyjn\u00eb n\u00eb pun\u00eb erkonomikisht. Sic e dini brenda rajonit, por para dy dit\u00ebsh edhe me Hungarin\u00eb kemi r\u00ebn\u00eb dakord p\u00ebr l\u00ebvizjen e lir\u00eb t\u00eb qytetar\u00ebve. Nd\u00ebrkoh\u00eb q\u00eb sot t\u00eb gjitha vendet i kan\u00eb paraqitur KE dhe BE k\u00ebrkes\u00ebn q\u00eb karta e gjelb\u00ebr digjitale t\u00eb qytetar\u00ebve t\u00eb rajonit ton\u00eb t\u00eb njihet n\u00eb t\u00eb gjith\u00eb hap\u00ebsirat e Bashkimit Europian k\u00ebshtu edhe ne t\u00eb l\u00ebvizim lirsh\u00ebm n\u00ebp\u00ebr vendet e BE\u201d.<\/p>\n","protected":false},"excerpt":{"rendered":"<p>Kryeminsitri Edi Rama \u201cDy arsye p\u00ebrse jemi t\u00eb k\u00ebnaqur me pranin\u00eb e komisionerit Oliver Varlehyi. S\u00eb pari sepse t\u00eb gjith\u00eb s\u00eb bashku jemi mbledhur p\u00ebr t\u00eb shtyr\u00eb p\u00ebrpara nj\u00eb proces q\u00eb nuk ka r\u00ebnd\u00ebsi sesi e quan nj\u00ebri apo tjetri po ka si q\u00ebllim t\u00eb coj\u00eb p\u00ebrpara politikat europiane n\u00eb rajonin ton\u00eb. Ky proces \u00ebsht\u00eb [&hellip;]<\/p>\n","protected":false},"author":2030,"featured_media":187672,"comment_status":"closed","ping_status":"closed","sticky":false,"template":"","format":"standard","meta":{"footnotes":""},"categories":[241,1454],"tags":[],"class_list":{"0":"post-187671","1":"post","2":"type-post","3":"status-publish","4":"format-standard","5":"has-post-thumbnail","7":"category-aktualitet","8":"category-politike"},"_links":{"self":[{"href":"https:\/\/zjarr.tv\/sq\/wp-json\/wp\/v2\/posts\/187671","targetHints":{"allow":["GET"]}}],"collection":[{"href":"https:\/\/zjarr.tv\/sq\/wp-json\/wp\/v2\/posts"}],"about":[{"href":"https:\/\/zjarr.tv\/sq\/wp-json\/wp\/v2\/types\/post"}],"author":[{"embeddable":true,"href":"https:\/\/zjarr.tv\/sq\/wp-json\/wp\/v2\/users\/2030"}],"replies":[{"embeddable":true,"href":"https:\/\/zjarr.tv\/sq\/wp-json\/wp\/v2\/comments?post=187671"}],"version-history":[{"count":0,"href":"https:\/\/zjarr.tv\/sq\/wp-json\/wp\/v2\/posts\/187671\/revisions"}],"wp:featuredmedia":[{"embeddable":true,"href":"https:\/\/zjarr.tv\/sq\/wp-json\/wp\/v2\/media\/187672"}],"wp:attachment":[{"href":"https:\/\/zjarr.tv\/sq\/wp-json\/wp\/v2\/media?parent=187671"}],"wp:term":[{"taxonomy":"category","embeddable":true,"href":"https:\/\/zjarr.tv\/sq\/wp-json\/wp\/v2\/categories?post=187671"},{"taxonomy":"post_tag","embeddable":true,"href":"https:\/\/zjarr.tv\/sq\/wp-json\/wp\/v2\/tags?post=187671"}],"curies":[{"name":"wp","href":"https:\/\/api.w.org\/{rel}","templated":true}]}}