{"id":187996,"date":"2021-06-11T19:00:44","date_gmt":"2021-06-11T17:00:44","guid":{"rendered":"https:\/\/zjarr.tv\/?p=187996"},"modified":"2021-06-11T19:00:44","modified_gmt":"2021-06-11T17:00:44","slug":"makina-perplas-nje-motor-te-komuna-e-parisit-plagoset-drejtuesivideo","status":"publish","type":"post","link":"https:\/\/zjarr.tv\/sq\/makina-perplas-nje-motor-te-komuna-e-parisit-plagoset-drejtuesivideo\/","title":{"rendered":"Makina p\u00ebrplas nj\u00eb motor te Komuna e Parisit, plagoset drejtuesi(VIDEO)"},"content":{"rendered":"<p>Nj\u00eb aksident \u00ebsht\u00eb raportuar pasditen e k\u00ebsaj t\u00eb premte n\u00eb zon\u00ebn e Komun\u00ebs s\u00eb Parisit n\u00eb kryeqytet.<\/p>\n<p>M\u00ebsohet se nj\u00eb makin\u00eb tip Audi ka p\u00ebrplasur nj\u00eb motor, drejtuesi i t\u00eb cilit ka p\u00ebrfunduar n\u00eb spital pas plag\u00ebve t\u00eb marra.<\/p>\n<p>Paraprakisht raportohet se i l\u00ebnduari ndodhet jasht\u00eb rrezikut p\u00ebr jet\u00ebn, nd\u00ebrkoh\u00eb policia ka shkuar menj\u00ebher\u00eb n\u00eb vendngjarje p\u00ebr t\u00eb hetuar rrethanat e ngjarjes.<\/p>\n<p><iframe loading=\"lazy\" title=\"AKSIDENT TE KOMUNA E PARISIT\" width=\"696\" height=\"392\" src=\"https:\/\/www.youtube.com\/embed\/NBeMhuz1BF8?feature=oembed\" frameborder=\"0\" allow=\"accelerometer; autoplay; clipboard-write; encrypted-media; gyroscope; picture-in-picture\" allowfullscreen><\/iframe><\/p>\n","protected":false},"excerpt":{"rendered":"<p>Nj\u00eb aksident \u00ebsht\u00eb raportuar pasditen e k\u00ebsaj t\u00eb premte n\u00eb zon\u00ebn e Komun\u00ebs s\u00eb Parisit n\u00eb kryeqytet. M\u00ebsohet se nj\u00eb makin\u00eb tip Audi ka p\u00ebrplasur nj\u00eb motor, drejtuesi i t\u00eb cilit ka p\u00ebrfunduar n\u00eb spital pas plag\u00ebve t\u00eb marra. Paraprakisht raportohet se i l\u00ebnduari ndodhet jasht\u00eb rrezikut p\u00ebr jet\u00ebn, nd\u00ebrkoh\u00eb policia ka shkuar menj\u00ebher\u00eb n\u00eb [&hellip;]<\/p>\n","protected":false},"author":2031,"featured_media":187997,"comment_status":"closed","ping_status":"closed","sticky":false,"template":"","format":"standard","meta":{"footnotes":""},"categories":[231],"tags":[],"class_list":{"0":"post-187996","1":"post","2":"type-post","3":"status-publish","4":"format-standard","5":"has-post-thumbnail","7":"category-lajme"},"_links":{"self":[{"href":"https:\/\/zjarr.tv\/sq\/wp-json\/wp\/v2\/posts\/187996","targetHints":{"allow":["GET"]}}],"collection":[{"href":"https:\/\/zjarr.tv\/sq\/wp-json\/wp\/v2\/posts"}],"about":[{"href":"https:\/\/zjarr.tv\/sq\/wp-json\/wp\/v2\/types\/post"}],"author":[{"embeddable":true,"href":"https:\/\/zjarr.tv\/sq\/wp-json\/wp\/v2\/users\/2031"}],"replies":[{"embeddable":true,"href":"https:\/\/zjarr.tv\/sq\/wp-json\/wp\/v2\/comments?post=187996"}],"version-history":[{"count":0,"href":"https:\/\/zjarr.tv\/sq\/wp-json\/wp\/v2\/posts\/187996\/revisions"}],"wp:featuredmedia":[{"embeddable":true,"href":"https:\/\/zjarr.tv\/sq\/wp-json\/wp\/v2\/media\/187997"}],"wp:attachment":[{"href":"https:\/\/zjarr.tv\/sq\/wp-json\/wp\/v2\/media?parent=187996"}],"wp:term":[{"taxonomy":"category","embeddable":true,"href":"https:\/\/zjarr.tv\/sq\/wp-json\/wp\/v2\/categories?post=187996"},{"taxonomy":"post_tag","embeddable":true,"href":"https:\/\/zjarr.tv\/sq\/wp-json\/wp\/v2\/tags?post=187996"}],"curies":[{"name":"wp","href":"https:\/\/api.w.org\/{rel}","templated":true}]}}