{"id":188315,"date":"2021-06-13T15:44:28","date_gmt":"2021-06-13T13:44:28","guid":{"rendered":"https:\/\/zjarr.tv\/?p=188315"},"modified":"2021-06-13T15:44:28","modified_gmt":"2021-06-13T13:44:28","slug":"e-papritur-sekretari-amerikan-i-shtetit-antony-blinken-takim-me-edi-ramen-ne-bruksel","status":"publish","type":"post","link":"https:\/\/zjarr.tv\/sq\/e-papritur-sekretari-amerikan-i-shtetit-antony-blinken-takim-me-edi-ramen-ne-bruksel\/","title":{"rendered":"E PAPRITUR \/ Sekretari amerikan i Shtetit, Antony Blinken takim me Edi Ram\u00ebn n\u00eb Bruksel"},"content":{"rendered":"<p style=\"background: white; margin: 0in 0in 19.5pt 0in;\">Sekretari amerikan i Shtetit, Antony Blinken do t\u00eb zhvilloj\u00eb k\u00ebt\u00eb t\u00eb diel\u00eb nj\u00eb takim me kryeministrin Edi Rama.<\/p>\n<p style=\"background: white; -webkit-tap-highlight-color: transparent !important; box-sizing: border-box; overflow-wrap: break-word; font-variant-ligatures: normal; font-variant-caps: normal; orphans: 2; widows: 2; -webkit-text-stroke-width: 0px; text-decoration-thickness: initial; text-decoration-style: initial; text-decoration-color: initial; word-spacing: 0px; margin: 0in 0in 19.5pt 0in;\">Lajmin e b\u00ebn me dije DASH, p\u00ebrmes nj\u00eb njoftimi ku thuhet se takimi do t\u00eb mbahet sot n\u00eb Bruksel, n\u00eb or\u00ebn 17:30.<\/p>\n<p style=\"background: white; -webkit-tap-highlight-color: transparent !important; box-sizing: border-box; overflow-wrap: break-word; font-variant-ligatures: normal; font-variant-caps: normal; orphans: 2; widows: 2; -webkit-text-stroke-width: 0px; text-decoration-thickness: initial; text-decoration-style: initial; text-decoration-color: initial; word-spacing: 0px; margin: 0in 0in 19.5pt 0in;\">Ky takim vjen n\u00eb nj\u00eb moment t\u00eb r\u00ebnd\u00ebsish\u00ebm p\u00ebr vendin ton\u00eb, kur n\u00eb muajin e ardhsh\u00ebm pritet vendimi p\u00ebr hapjen e negociatave t\u00eb an\u00ebtar\u00ebsimit n\u00eb Bashkimin Europian.<\/p>\n<p style=\"background: white; -webkit-tap-highlight-color: transparent !important; box-sizing: border-box; overflow-wrap: break-word; font-variant-ligatures: normal; font-variant-caps: normal; orphans: 2; widows: 2; -webkit-text-stroke-width: 0px; text-decoration-thickness: initial; text-decoration-style: initial; text-decoration-color: initial; word-spacing: 0px; margin: 0in 0in 19.5pt 0in;\">Por takimi p\u00ebrkon edhe me zhvillimet e r\u00ebnd\u00ebsishme politike mes Shqip\u00ebris\u00eb dhe SHBA, kur vet\u00ebm pak dit\u00eb m\u00eb par\u00eb DASH vendosi t\u00eb shpall\u00eb \u201cnon-grata\u201d ish-kryeministrin Sali Berisha.<\/p>\n<p>&nbsp;<\/p>\n","protected":false},"excerpt":{"rendered":"<p>Sekretari amerikan i Shtetit, Antony Blinken do t\u00eb zhvilloj\u00eb k\u00ebt\u00eb t\u00eb diel\u00eb nj\u00eb takim me kryeministrin Edi Rama. Lajmin e b\u00ebn me dije DASH, p\u00ebrmes nj\u00eb njoftimi ku thuhet se takimi do t\u00eb mbahet sot n\u00eb Bruksel, n\u00eb or\u00ebn 17:30. Ky takim vjen n\u00eb nj\u00eb moment t\u00eb r\u00ebnd\u00ebsish\u00ebm p\u00ebr vendin ton\u00eb, kur n\u00eb muajin e [&hellip;]<\/p>\n","protected":false},"author":2030,"featured_media":188316,"comment_status":"closed","ping_status":"closed","sticky":false,"template":"","format":"standard","meta":{"footnotes":""},"categories":[241,191,1454],"tags":[],"class_list":{"0":"post-188315","1":"post","2":"type-post","3":"status-publish","4":"format-standard","5":"has-post-thumbnail","7":"category-aktualitet","8":"category-bota","9":"category-politike"},"_links":{"self":[{"href":"https:\/\/zjarr.tv\/sq\/wp-json\/wp\/v2\/posts\/188315","targetHints":{"allow":["GET"]}}],"collection":[{"href":"https:\/\/zjarr.tv\/sq\/wp-json\/wp\/v2\/posts"}],"about":[{"href":"https:\/\/zjarr.tv\/sq\/wp-json\/wp\/v2\/types\/post"}],"author":[{"embeddable":true,"href":"https:\/\/zjarr.tv\/sq\/wp-json\/wp\/v2\/users\/2030"}],"replies":[{"embeddable":true,"href":"https:\/\/zjarr.tv\/sq\/wp-json\/wp\/v2\/comments?post=188315"}],"version-history":[{"count":0,"href":"https:\/\/zjarr.tv\/sq\/wp-json\/wp\/v2\/posts\/188315\/revisions"}],"wp:featuredmedia":[{"embeddable":true,"href":"https:\/\/zjarr.tv\/sq\/wp-json\/wp\/v2\/media\/188316"}],"wp:attachment":[{"href":"https:\/\/zjarr.tv\/sq\/wp-json\/wp\/v2\/media?parent=188315"}],"wp:term":[{"taxonomy":"category","embeddable":true,"href":"https:\/\/zjarr.tv\/sq\/wp-json\/wp\/v2\/categories?post=188315"},{"taxonomy":"post_tag","embeddable":true,"href":"https:\/\/zjarr.tv\/sq\/wp-json\/wp\/v2\/tags?post=188315"}],"curies":[{"name":"wp","href":"https:\/\/api.w.org\/{rel}","templated":true}]}}