{"id":188332,"date":"2021-06-13T17:12:54","date_gmt":"2021-06-13T15:12:54","guid":{"rendered":"https:\/\/zjarr.tv\/?p=188332"},"modified":"2021-06-13T17:17:21","modified_gmt":"2021-06-13T15:17:21","slug":"nje-26-vjecar-u-perplas-me-policine-teksa-po-ndiqej-prej-tyre-por-ai-pretendon-se-goditi-njerin-nga-oficeret-pasi-ai-e-shau","status":"publish","type":"post","link":"https:\/\/zjarr.tv\/sq\/nje-26-vjecar-u-perplas-me-policine-teksa-po-ndiqej-prej-tyre-por-ai-pretendon-se-goditi-njerin-nga-oficeret-pasi-ai-e-shau\/","title":{"rendered":"Sherr i pazakont\u00eb n\u00eb Tiran\u00eb\/I riu p\u00ebrleshet me policin\u00eb"},"content":{"rendered":"<p>Burimet b\u00ebjn\u00eb me dije se shtetasi A.L., e q\u00eblloi policin, pasi ky i fundit m\u00ebsohet t\u2019i ket\u00eb th\u00ebn\u00eb \u201co b.q. m\u00eb shkele k\u00ebpuc\u00ebt q\u00eb i ka bler\u00eb 200 euro\u201d.<\/p>\n<p>Nj\u00eb 26-vje\u00e7ar u p\u00ebrplas me policin\u00eb, teksa po ndiqej prej tyre, por ai pretendon se goditi nj\u00ebrin nga oficer\u00ebt pasi ai e shau.<\/p>\n<p>Por ky version i t\u00eb akuzuarit nuk konfirmohet nga polic\u00ebt e tjer\u00eb pjes\u00eb e grupit t\u00eb kontrollit q\u00eb k\u00ebmb\u00ebngulin se u ndaluan gjat\u00eb ushtrimit t\u00eb detyr\u00ebs, ndaj dhe i riu u shoq\u00ebrua n\u00eb komisariat p\u00ebr kund\u00ebrshtim t\u00eb forcave t\u00eb rendit.<\/p>\n<p>Ngjarja u raportua sipas burimeve t\u00eb Gazeta Si, n\u00eb radio nga oficer\u00ebt q\u00eb m\u00eb pas bashk\u00eb me t\u00eb riun p\u00ebrfunduan n\u00eb komisariatin num\u00ebr 3. Polici u rr\u00ebfeu koleg\u00ebve se ishte i planizuar n\u00eb turnin e dyt\u00eb dhe se n\u00eb sh\u00ebrbim ishte i vendosur me kat\u00ebr persona t\u00eb ndar\u00eb p\u00ebrkat\u00ebsisht me nga dy motor\u00eb.<\/p>\n","protected":false},"excerpt":{"rendered":"<p>Burimet b\u00ebjn\u00eb me dije se shtetasi A.L., e q\u00eblloi policin, pasi ky i fundit m\u00ebsohet t\u2019i ket\u00eb th\u00ebn\u00eb \u201co b.q. m\u00eb shkele k\u00ebpuc\u00ebt q\u00eb i ka bler\u00eb 200 euro\u201d. Nj\u00eb 26-vje\u00e7ar u p\u00ebrplas me policin\u00eb, teksa po ndiqej prej tyre, por ai pretendon se goditi nj\u00ebrin nga oficer\u00ebt pasi ai e shau. Por ky version [&hellip;]<\/p>\n","protected":false},"author":2031,"featured_media":188333,"comment_status":"closed","ping_status":"closed","sticky":false,"template":"","format":"standard","meta":{"footnotes":""},"categories":[231],"tags":[],"class_list":{"0":"post-188332","1":"post","2":"type-post","3":"status-publish","4":"format-standard","5":"has-post-thumbnail","7":"category-lajme"},"_links":{"self":[{"href":"https:\/\/zjarr.tv\/sq\/wp-json\/wp\/v2\/posts\/188332","targetHints":{"allow":["GET"]}}],"collection":[{"href":"https:\/\/zjarr.tv\/sq\/wp-json\/wp\/v2\/posts"}],"about":[{"href":"https:\/\/zjarr.tv\/sq\/wp-json\/wp\/v2\/types\/post"}],"author":[{"embeddable":true,"href":"https:\/\/zjarr.tv\/sq\/wp-json\/wp\/v2\/users\/2031"}],"replies":[{"embeddable":true,"href":"https:\/\/zjarr.tv\/sq\/wp-json\/wp\/v2\/comments?post=188332"}],"version-history":[{"count":0,"href":"https:\/\/zjarr.tv\/sq\/wp-json\/wp\/v2\/posts\/188332\/revisions"}],"wp:featuredmedia":[{"embeddable":true,"href":"https:\/\/zjarr.tv\/sq\/wp-json\/wp\/v2\/media\/188333"}],"wp:attachment":[{"href":"https:\/\/zjarr.tv\/sq\/wp-json\/wp\/v2\/media?parent=188332"}],"wp:term":[{"taxonomy":"category","embeddable":true,"href":"https:\/\/zjarr.tv\/sq\/wp-json\/wp\/v2\/categories?post=188332"},{"taxonomy":"post_tag","embeddable":true,"href":"https:\/\/zjarr.tv\/sq\/wp-json\/wp\/v2\/tags?post=188332"}],"curies":[{"name":"wp","href":"https:\/\/api.w.org\/{rel}","templated":true}]}}