{"id":188339,"date":"2021-06-13T17:45:55","date_gmt":"2021-06-13T15:45:55","guid":{"rendered":"https:\/\/zjarr.tv\/?p=188339"},"modified":"2021-06-13T17:45:55","modified_gmt":"2021-06-13T15:45:55","slug":"kryeministrja-serbe-sfidon-albin-kurtin-ne-vend-qe-te-pengoje-negociatat-le-ta-padise-serbine-per-gjenocid","status":"publish","type":"post","link":"https:\/\/zjarr.tv\/sq\/kryeministrja-serbe-sfidon-albin-kurtin-ne-vend-qe-te-pengoje-negociatat-le-ta-padise-serbine-per-gjenocid\/","title":{"rendered":"Kryeministrja serbe sfidon Albin Kurtin: N\u00eb vend q\u00eb t\u00eb pengoj\u00eb negociatat, le ta padis\u00eb Serbin\u00eb p\u00ebr gjenocid"},"content":{"rendered":"<p>Kryeministrja e Serbis\u00eb, Ana Brnabi\u00e7, ka sfiduar kryeministrin e Kosov\u00ebs, Albin Kurtin, pasi u shpreh se ky i fundit duhet t\u00eb padis\u00eb Serbin\u00eb p\u00ebr gjenocid dhe t\u00eb mos pengoj\u00eb m\u00eb negociatat mes dy vendeve.<\/p>\n<p>\u201cAlbin Kurti tashm\u00eb duhet t\u00eb padis\u00eb Serbin\u00eb p\u00ebr gjenocid, n\u00eb vend q\u00eb t\u00eb k\u00ebrc\u00ebnoj\u00eb dhe pengoj\u00eb vazhdimisht p\u00ebrpjekjet e negociatave\u201d, tha ajo n\u00eb nj\u00eb intervist\u00eb p\u00ebr Tv Prva.<\/p>\n<p>\u201cSerbia k\u00ebrc\u00ebnohet me nj\u00eb proces gjyq\u00ebsor p\u00ebr gjenocid. Le t\u00eb jet\u00eb, le t\u00eb k\u00ebrc\u00ebnohet, por le t\u00eb shohim se \u00e7far\u00eb ka p\u00ebr t\u00eb th\u00ebn\u00eb n\u00eb at\u00eb proces gjyq\u00ebsor dhe ne do t\u00eb provojm\u00eb se \u00e7far\u00eb ka ndodhur n\u00eb t\u00eb v\u00ebrtet\u00eb\u201d, shtoi Brnabi\u00e7.<\/p>\n<p>Sipas saj, Albin Kurti \u201cb\u00ebn cirk\u201d n\u00eb \u00e7do takim mes dy vendeve. E pyetur n\u00ebse mund t\u00eb arrihet nj\u00eb consensus p\u00ebr \u00e7\u00ebshtjen e Kosov\u00ebs, ajo tha se nuk ka shpres\u00eb q\u00eb di\u00e7ka e till\u00eb t\u00eb ndodh\u00eb.<\/p>\n","protected":false},"excerpt":{"rendered":"<p>Kryeministrja e Serbis\u00eb, Ana Brnabi\u00e7, ka sfiduar kryeministrin e Kosov\u00ebs, Albin Kurtin, pasi u shpreh se ky i fundit duhet t\u00eb padis\u00eb Serbin\u00eb p\u00ebr gjenocid dhe t\u00eb mos pengoj\u00eb m\u00eb negociatat mes dy vendeve. \u201cAlbin Kurti tashm\u00eb duhet t\u00eb padis\u00eb Serbin\u00eb p\u00ebr gjenocid, n\u00eb vend q\u00eb t\u00eb k\u00ebrc\u00ebnoj\u00eb dhe pengoj\u00eb vazhdimisht p\u00ebrpjekjet e negociatave\u201d, tha [&hellip;]<\/p>\n","protected":false},"author":2031,"featured_media":188340,"comment_status":"closed","ping_status":"closed","sticky":false,"template":"","format":"standard","meta":{"footnotes":""},"categories":[231],"tags":[],"class_list":{"0":"post-188339","1":"post","2":"type-post","3":"status-publish","4":"format-standard","5":"has-post-thumbnail","7":"category-lajme"},"_links":{"self":[{"href":"https:\/\/zjarr.tv\/sq\/wp-json\/wp\/v2\/posts\/188339","targetHints":{"allow":["GET"]}}],"collection":[{"href":"https:\/\/zjarr.tv\/sq\/wp-json\/wp\/v2\/posts"}],"about":[{"href":"https:\/\/zjarr.tv\/sq\/wp-json\/wp\/v2\/types\/post"}],"author":[{"embeddable":true,"href":"https:\/\/zjarr.tv\/sq\/wp-json\/wp\/v2\/users\/2031"}],"replies":[{"embeddable":true,"href":"https:\/\/zjarr.tv\/sq\/wp-json\/wp\/v2\/comments?post=188339"}],"version-history":[{"count":0,"href":"https:\/\/zjarr.tv\/sq\/wp-json\/wp\/v2\/posts\/188339\/revisions"}],"wp:featuredmedia":[{"embeddable":true,"href":"https:\/\/zjarr.tv\/sq\/wp-json\/wp\/v2\/media\/188340"}],"wp:attachment":[{"href":"https:\/\/zjarr.tv\/sq\/wp-json\/wp\/v2\/media?parent=188339"}],"wp:term":[{"taxonomy":"category","embeddable":true,"href":"https:\/\/zjarr.tv\/sq\/wp-json\/wp\/v2\/categories?post=188339"},{"taxonomy":"post_tag","embeddable":true,"href":"https:\/\/zjarr.tv\/sq\/wp-json\/wp\/v2\/tags?post=188339"}],"curies":[{"name":"wp","href":"https:\/\/api.w.org\/{rel}","templated":true}]}}